{"id":143409,"date":"2025-09-09T09:54:46","date_gmt":"2025-09-09T12:54:46","guid":{"rendered":"https:\/\/eldiariodesanpedro.com.ar\/sitio\/?p=143409"},"modified":"2026-01-24T00:47:25","modified_gmt":"2026-01-24T03:47:25","slug":"fallecio-calixto-boaglio-a-los-79-anos","status":"publish","type":"post","link":"https:\/\/eldiariodesanpedro.com.ar\/sitio\/fallecio-calixto-boaglio-a-los-79-anos\/","title":{"rendered":"Falleci\u00f3 Calixto Boaglio a los 79 a\u00f1os"},"content":{"rendered":"<!-- VideographyWP Plugin Message: Automatic video embedding prevented by plugin options. -->\n\n<p>En la jornada de este lunes se inform\u00f3 el fallecimiento de <strong>Calixto Boaglio<\/strong>, a la edad de <strong>79 a\u00f1os<\/strong>. Sus restos son velados en la <strong>Sala N\u00b0 3 de COOPSER Servicios Sociales<\/strong>, ubicada en <strong>3 de Febrero 1475<\/strong>.<\/p>\n\n\n\n<p>El <strong>servicio velatorio<\/strong> se extender\u00e1 hasta las <strong>09:00 horas del martes 9 de septiembre de 2025<\/strong>, momento en el que se dar\u00e1 continuidad al sepelio seg\u00fan lo dispuesto por la familia.<\/p>\n\n\n\n<p>Este espacio de despedida re\u00fane a familiares, amigos y allegados que acompa\u00f1an a la familia Boaglio en este dif\u00edcil momento.<\/p>\n\n\n\n<p>#Fallecimiento #Obituario #SanPedro #COOPSER #Despedida<br><\/p>\n","protected":false},"excerpt":{"rendered":"<p>En la jornada de este lunes se inform\u00f3 el fallecimiento de Calixto Boaglio, a la edad de 79 a\u00f1os. Sus restos son velados en la Sala N\u00b0 3 de COOPSER Servicios Sociales, ubicada en 3 de Febrero 1475. El servicio velatorio se extender\u00e1 hasta las 09:00 horas del martes 9 de septiembre de 2025, momento [&hellip;]<\/p>\n","protected":false},"author":4,"featured_media":113757,"comment_status":"closed","ping_status":"closed","sticky":false,"template":"","format":"standard","meta":{"om_disable_all_campaigns":false,"_jetpack_memberships_contains_paid_content":false,"footnotes":""},"categories":[8424],"tags":[5936,5112,5937,5823,5321],"class_list":["post-143409","post","type-post","status-publish","format-standard","has-post-thumbnail","hentry","category-necrologicas","tag-fallecio-calixto-boaglio","tag-obituario-san-pedro","tag-sepelio-9-septiembre-2025","tag-servicios-sociales-san-pedro","tag-velatorio-coopser"],"aioseo_notices":[],"gutentor_comment":0,"jetpack_featured_media_url":"https:\/\/eldiariodesanpedro.com.ar\/sitio\/wp-content\/uploads\/2023\/01\/necrologicas.jpg","jetpack_shortlink":"https:\/\/wp.me\/p6RhLt-Bj3","jetpack_sharing_enabled":true,"_links":{"self":[{"href":"https:\/\/eldiariodesanpedro.com.ar\/sitio\/wp-json\/wp\/v2\/posts\/143409","targetHints":{"allow":["GET"]}}],"collection":[{"href":"https:\/\/eldiariodesanpedro.com.ar\/sitio\/wp-json\/wp\/v2\/posts"}],"about":[{"href":"https:\/\/eldiariodesanpedro.com.ar\/sitio\/wp-json\/wp\/v2\/types\/post"}],"author":[{"embeddable":true,"href":"https:\/\/eldiariodesanpedro.com.ar\/sitio\/wp-json\/wp\/v2\/users\/4"}],"replies":[{"embeddable":true,"href":"https:\/\/eldiariodesanpedro.com.ar\/sitio\/wp-json\/wp\/v2\/comments?post=143409"}],"version-history":[{"count":1,"href":"https:\/\/eldiariodesanpedro.com.ar\/sitio\/wp-json\/wp\/v2\/posts\/143409\/revisions"}],"predecessor-version":[{"id":143410,"href":"https:\/\/eldiariodesanpedro.com.ar\/sitio\/wp-json\/wp\/v2\/posts\/143409\/revisions\/143410"}],"wp:featuredmedia":[{"embeddable":true,"href":"https:\/\/eldiariodesanpedro.com.ar\/sitio\/wp-json\/wp\/v2\/media\/113757"}],"wp:attachment":[{"href":"https:\/\/eldiariodesanpedro.com.ar\/sitio\/wp-json\/wp\/v2\/media?parent=143409"}],"wp:term":[{"taxonomy":"category","embeddable":true,"href":"https:\/\/eldiariodesanpedro.com.ar\/sitio\/wp-json\/wp\/v2\/categories?post=143409"},{"taxonomy":"post_tag","embeddable":true,"href":"https:\/\/eldiariodesanpedro.com.ar\/sitio\/wp-json\/wp\/v2\/tags?post=143409"}],"curies":[{"name":"wp","href":"https:\/\/api.w.org\/{rel}","templated":true}]}}