{"id":14339,"date":"2017-02-08T20:40:21","date_gmt":"2017-02-08T23:40:21","guid":{"rendered":"https:\/\/eldiariodesanpedro.com.ar\/sitio\/?p=14339"},"modified":"2026-01-23T23:20:22","modified_gmt":"2026-01-24T02:20:22","slug":"belen-aseguro-que-fue-billiris-quien-le-proveyo-la-droga","status":"publish","type":"post","link":"https:\/\/eldiariodesanpedro.com.ar\/sitio\/belen-aseguro-que-fue-billiris-quien-le-proveyo-la-droga\/","title":{"rendered":"Bel\u00e9n asegur\u00f3 que fue Billiris quien le provey\u00f3 la droga"},"content":{"rendered":"<p><!-- VideographyWP Plugin Message: Automatic video embedding prevented by plugin options. --><br \/>\n(NA) &#8211; Bel\u00e9n Torres, la joven agredida por Gerardo Billiris, asegur\u00f3 al declarar ante el juez federal Sebasti\u00e1n Ramos que fue el anestesista quien le provey\u00f3 de la droga que consumieron en el departamento el d\u00eda de la golpiza.<\/p>\n<p>   De esta forma, la joven contradijo la versi\u00f3n que en declaraci\u00f3n indagatoria dio el anestesista quien hab\u00eda asegurado que cada uno aport\u00f3 la droga que consumi\u00f3 ese d\u00eda.<\/p>\n<p>   La declaraci\u00f3n de la joven fue llevada a cabo en su vivienda hacia donde el juez Ramos se traslad\u00f3 hoy por la ma\u00f1ana.<\/p>\n<p>   Ante el juez Ramos, y asistida por un psic\u00f3logo del Ministerio P\u00fablico Fiscal, Bel\u00e9n dio detalles de los tres encuentros que mantuvo con Billiris, de 41 a\u00f1os, a quien hab\u00eda conocido por la red social Tinder.<\/p>\n<p>   En ese sentido, aport\u00f3 detalles de conversaciones incluso v\u00eda Whats App que mantuvo con Billiris los d\u00edas previos a la feroz golpiza.<\/p>\n<p>   Sobre la noche en la que ocurri\u00f3 el ataque, la joven cont\u00f3 que hab\u00edan consumido drogas y que en un determinado momento \u00e9l se qued\u00f3 quieto y le empez\u00f3 a salir espuma de la boca.<\/p>\n<p>   Fue all\u00ed, dijo la joven, que ante el temor de que pudiera morirse, ella lo acost\u00f3 y \u00e9l reaccion\u00f3 con m\u00faltiples golpes sobre ella.<\/p>\n<p>   Bel\u00e9n dijo que a partir de all\u00ed perdi\u00f3 la memoria y no recuerda nada de lo que sucedi\u00f3 hasta que se vio en el hall del piso, donde vive el anestesista, solicitando ayuda a los gritos.<\/p>\n<p>   Minutos despu\u00e9s, la joven fue llevada en ambulancia y Billiris detenido en su departamento tras el llamado al 911 que hizo el portero del edificio.<\/p>\n<p><strong>El encargado declar\u00f3 como testigo<\/strong><\/p>\n<p>En tanto, el encargado del edificio en el que vive el anestesista, declar\u00f3 hoy como testigo y consider\u00f3 que luego de la golpiza que recibi\u00f3 la joven, el hombre \u00abno estaba consciente de lo que hab\u00eda sucedido minutos antes\u00bb.<\/p>\n<p>   Al declarar, el portero del edificio ubicado en Beruti 4543, del barrio porte\u00f1o de Palermo, asegur\u00f3 que \u00e9l fue quien llam\u00f3 al 911 al escuchar ruido en los pisos superiores del inmueble y que luego pudo identificar que proven\u00edan del sexto piso, donde Billiris tiene su departamento.<\/p>\n<p>   Tras la llegada de la Polic\u00eda, el anestesista fue detenido y Bel\u00e9n llevada por la ambulancia.<\/p>\n<p>   \u00abApenas \u00e9l me vio me pregunt\u00f3 que hab\u00eda pasado y le respond\u00ed que no sab\u00eda. Me pareci\u00f3 que no estaba consciente de lo que hab\u00eda sucedido minutos antes\u00bb, dijo el portero.<\/p>\n<p>   Tras el incidente, \u00abel palier estaba todo con sangre, el departamento como si hubiera pasado una gresca o forcejeo entre estas dos personas\u00bb.<\/p>\n<p>   Luego el portero refiri\u00f3 a Billiris como \u00abbuen vecino y excelente persona\u00bb, y record\u00f3 que en m\u00e1s de una ocasi\u00f3n revis\u00f3 a sus dos hijos por problemas de salud y hasta auxili\u00f3 a su madre cuando le dio un preinfarto en el edificio en el a\u00f1o 2014.<\/p>\n<p>   \u00ab\u00bfCada cu\u00e1nto le ped\u00eda que facilitara la entrada a alguna chica?\u00bb, pregunt\u00f3 el juez, a lo que el portero respondi\u00f3: \u00abEn mi horario de trabajo lo hac\u00eda una vez por semana aproximadamente\u00bb.<\/p>\n<p>   El viernes de la semana pasada la joven recibi\u00f3 el alta m\u00e9dica, luego de estar internada tres d\u00edas en una cl\u00ednica de Avellaneda.<\/p>\n","protected":false},"excerpt":{"rendered":"<p>(NA) &#8211; Bel\u00e9n Torres, la joven agredida por Gerardo Billiris, asegur\u00f3 al declarar ante el juez federal Sebasti\u00e1n Ramos que fue el anestesista quien le provey\u00f3 de la droga que consumieron en el departamento el d\u00eda de la golpiza. De esta forma, la joven contradijo la versi\u00f3n que en declaraci\u00f3n indagatoria dio el anestesista quien [&hellip;]<\/p>\n","protected":false},"author":4,"featured_media":14340,"comment_status":"open","ping_status":"closed","sticky":false,"template":"","format":"standard","meta":{"om_disable_all_campaigns":false,"_jetpack_memberships_contains_paid_content":false,"footnotes":""},"categories":[3],"tags":[],"class_list":["post-14339","post","type-post","status-publish","format-standard","has-post-thumbnail","hentry","category-nacionales"],"aioseo_notices":[],"gutentor_comment":0,"jetpack_featured_media_url":"https:\/\/eldiariodesanpedro.com.ar\/sitio\/wp-content\/uploads\/2017\/02\/belen.jpg","jetpack_shortlink":"https:\/\/wp.me\/p6RhLt-3Jh","jetpack_sharing_enabled":true,"_links":{"self":[{"href":"https:\/\/eldiariodesanpedro.com.ar\/sitio\/wp-json\/wp\/v2\/posts\/14339","targetHints":{"allow":["GET"]}}],"collection":[{"href":"https:\/\/eldiariodesanpedro.com.ar\/sitio\/wp-json\/wp\/v2\/posts"}],"about":[{"href":"https:\/\/eldiariodesanpedro.com.ar\/sitio\/wp-json\/wp\/v2\/types\/post"}],"author":[{"embeddable":true,"href":"https:\/\/eldiariodesanpedro.com.ar\/sitio\/wp-json\/wp\/v2\/users\/4"}],"replies":[{"embeddable":true,"href":"https:\/\/eldiariodesanpedro.com.ar\/sitio\/wp-json\/wp\/v2\/comments?post=14339"}],"version-history":[{"count":1,"href":"https:\/\/eldiariodesanpedro.com.ar\/sitio\/wp-json\/wp\/v2\/posts\/14339\/revisions"}],"predecessor-version":[{"id":14341,"href":"https:\/\/eldiariodesanpedro.com.ar\/sitio\/wp-json\/wp\/v2\/posts\/14339\/revisions\/14341"}],"wp:featuredmedia":[{"embeddable":true,"href":"https:\/\/eldiariodesanpedro.com.ar\/sitio\/wp-json\/wp\/v2\/media\/14340"}],"wp:attachment":[{"href":"https:\/\/eldiariodesanpedro.com.ar\/sitio\/wp-json\/wp\/v2\/media?parent=14339"}],"wp:term":[{"taxonomy":"category","embeddable":true,"href":"https:\/\/eldiariodesanpedro.com.ar\/sitio\/wp-json\/wp\/v2\/categories?post=14339"},{"taxonomy":"post_tag","embeddable":true,"href":"https:\/\/eldiariodesanpedro.com.ar\/sitio\/wp-json\/wp\/v2\/tags?post=14339"}],"curies":[{"name":"wp","href":"https:\/\/api.w.org\/{rel}","templated":true}]}}