{"id":143380,"date":"2025-09-08T23:14:30","date_gmt":"2025-09-09T02:14:30","guid":{"rendered":"https:\/\/eldiariodesanpedro.com.ar\/sitio\/?p=143380"},"modified":"2025-09-08T23:14:34","modified_gmt":"2025-09-09T02:14:34","slug":"san-pedro-celebro-la-proclamacion-del-templo-de-nuestra-senora-del-socorro-como-basilica-menor","status":"publish","type":"post","link":"https:\/\/eldiariodesanpedro.com.ar\/sitio\/san-pedro-celebro-la-proclamacion-del-templo-de-nuestra-senora-del-socorro-como-basilica-menor\/","title":{"rendered":"San Pedro celebr\u00f3 la proclamaci\u00f3n del templo de Nuestra Se\u00f1ora del Socorro como bas\u00edlica menor"},"content":{"rendered":"<!-- VideographyWP Plugin Message: Automatic video embedding prevented by plugin options. -->\n\n<p><strong>San Pedro vivi\u00f3 este lunes una jornada hist\u00f3rica<\/strong> con la proclamaci\u00f3n del templo de <strong>Nuestra Se\u00f1ora del Socorro como bas\u00edlica menor<\/strong>, en una ceremonia encabezada por el <strong>nuncio apost\u00f3lico, monse\u00f1or Miroslaw Adamczyk<\/strong>, en representaci\u00f3n del <strong>papa Le\u00f3n XIV<\/strong>.<\/p>\n\n\n\n<p>Entre los asistentes se destac\u00f3 la presencia de la <strong>vicepresidenta de la Naci\u00f3n, Victoria Villarruel<\/strong>, adem\u00e1s del <strong>intendente Cecilio Salazar<\/strong> y funcionarios del gobierno provincial, quienes acompa\u00f1aron a la feligres\u00eda local en este acontecimiento de gran relevancia espiritual.<\/p>\n\n\n\n<p>La celebraci\u00f3n comenz\u00f3 a las 15 con una <strong>procesi\u00f3n por calle Mitre<\/strong>, que culmin\u00f3 en el templo, considerado un <strong>\u00edcono espiritual y cultural<\/strong> de la comunidad. Durante la misa, que reuni\u00f3 a <strong>miles de fieles<\/strong>, participaron obispos, sacerdotes y autoridades civiles. La ceremonia incluy\u00f3 la <strong>lectura de un pasaje lit\u00fargico por parte del locutor Fernando Bravo<\/strong>.<\/p>\n\n\n\n<p>La <strong>elevaci\u00f3n de la parroquia a la dignidad de bas\u00edlica menor<\/strong> hab\u00eda sido dispuesta por el <strong>papa Francisco en diciembre de 2024<\/strong>, en reconocimiento a su <strong>valor arquitect\u00f3nico<\/strong>, a sus <strong>casi tres siglos de historia<\/strong> y a la <strong>devoci\u00f3n mariana del pueblo de San Pedro<\/strong>. Este nuevo estatus la vincula de manera especial con la <strong>Iglesia en Roma<\/strong> y otorga a los fieles la posibilidad de obtener <strong>indulgencias en celebraciones espec\u00edficas<\/strong>.<\/p>\n\n\n\n<p>La <strong>devoci\u00f3n a Nuestra Se\u00f1ora del Socorro<\/strong> se remonta al siglo XVIII, cuando los franciscanos trajeron la imagen al pueblo. Un hecho emblem\u00e1tico ocurri\u00f3 en <strong>1763<\/strong>, cuando un incendio destruy\u00f3 la caravana que la transportaba, pero la imagen mariana qued\u00f3 intacta. En <strong>1764<\/strong>, la Virgen fue proclamada <strong>patrona de San Pedro<\/strong>.<\/p>\n\n\n\n<p>El templo actual, de <strong>estilo neocl\u00e1sico<\/strong>, fue construido entre <strong>1860 y 1872<\/strong> y se distingue por su <strong>campanario posterior \u00fanico en Am\u00e9rica y segundo en el mundo<\/strong>, adem\u00e1s de la riqueza art\u00edstica de sus pinturas interiores.<\/p>\n\n\n\n<p>Para el cierre, se present\u00f3 el musical <strong>\u201cMar\u00eda, la joya m\u00e1s preciada\u201d<\/strong>, dirigido por <strong>Daniel Corti<\/strong> y representado por vecinos de la comunidad. La obra recre\u00f3 la <strong>llegada de la patrona a la localidad en 1765<\/strong>, reforzando la conexi\u00f3n hist\u00f3rica y cultural de San Pedro con su Virgen.<\/p>\n\n\n\n<p>#SanPedro #BasilicaMenor #NuestraSe\u00f1oradelSocorro #PapaFrancisco #Fe #Devoci\u00f3n #Historia<\/p>\n\n\n\n<iframe data-src=\"https:\/\/www.facebook.com\/plugins\/post.php?href=https%3A%2F%2Fwww.facebook.com%2Fpermalink.php%3Fstory_fbid%3Dpfbid034F2kZ5abEr2Ja5RGFrBGDouuAuiYZzgQWjPWyHGaXjoqQJCfUrGstkyrjHBkq82Al%26id%3D61562291519621&#038;show_text=true&#038;width=500\" width=\"500\" height=\"250\" style=\"border:none;overflow:hidden\" scrolling=\"no\" frameborder=\"0\" allowfullscreen=\"true\" allow=\"autoplay; clipboard-write; encrypted-media; picture-in-picture; web-share\" src=\"data:image\/svg+xml;base64,PHN2ZyB3aWR0aD0iMSIgaGVpZ2h0PSIxIiB4bWxucz0iaHR0cDovL3d3dy53My5vcmcvMjAwMC9zdmciPjwvc3ZnPg==\" class=\"lazyload\" data-load-mode=\"1\"><\/iframe>\n\n\n\n<div class=\"wp-block-jetpack-slideshow aligncenter\" data-effect=\"slide\"><div class=\"wp-block-jetpack-slideshow_container swiper-container\"><ul class=\"wp-block-jetpack-slideshow_swiper-wrapper swiper-wrapper\"><li class=\"wp-block-jetpack-slideshow_slide swiper-slide\"><figure><img decoding=\"async\" width=\"945\" height=\"630\" alt=\"\" class=\"wp-block-jetpack-slideshow_image wp-image-143381 lazyload\" data-id=\"143381\" data-src=\"https:\/\/eldiariodesanpedro.com.ar\/sitio\/wp-content\/uploads\/2025\/09\/DSC_0093.jpg\" data-srcset=\"https:\/\/eldiariodesanpedro.com.ar\/sitio\/wp-content\/uploads\/2025\/09\/DSC_0093.jpg 945w, https:\/\/eldiariodesanpedro.com.ar\/sitio\/wp-content\/uploads\/2025\/09\/DSC_0093-300x200.jpg 300w, https:\/\/eldiariodesanpedro.com.ar\/sitio\/wp-content\/uploads\/2025\/09\/DSC_0093-768x512.jpg 768w\" data-sizes=\"(max-width: 945px) 100vw, 945px\" src=\"data:image\/svg+xml;base64,PHN2ZyB3aWR0aD0iMSIgaGVpZ2h0PSIxIiB4bWxucz0iaHR0cDovL3d3dy53My5vcmcvMjAwMC9zdmciPjwvc3ZnPg==\" style=\"--smush-placeholder-width: 945px; --smush-placeholder-aspect-ratio: 945\/630;\" \/><\/figure><\/li><li class=\"wp-block-jetpack-slideshow_slide swiper-slide\"><figure><img decoding=\"async\" width=\"945\" height=\"630\" alt=\"\" class=\"wp-block-jetpack-slideshow_image wp-image-143382 lazyload\" data-id=\"143382\" data-src=\"https:\/\/eldiariodesanpedro.com.ar\/sitio\/wp-content\/uploads\/2025\/09\/DSC_0103.jpg\" data-srcset=\"https:\/\/eldiariodesanpedro.com.ar\/sitio\/wp-content\/uploads\/2025\/09\/DSC_0103.jpg 945w, https:\/\/eldiariodesanpedro.com.ar\/sitio\/wp-content\/uploads\/2025\/09\/DSC_0103-300x200.jpg 300w, https:\/\/eldiariodesanpedro.com.ar\/sitio\/wp-content\/uploads\/2025\/09\/DSC_0103-768x512.jpg 768w\" data-sizes=\"(max-width: 945px) 100vw, 945px\" src=\"data:image\/svg+xml;base64,PHN2ZyB3aWR0aD0iMSIgaGVpZ2h0PSIxIiB4bWxucz0iaHR0cDovL3d3dy53My5vcmcvMjAwMC9zdmciPjwvc3ZnPg==\" style=\"--smush-placeholder-width: 945px; --smush-placeholder-aspect-ratio: 945\/630;\" \/><\/figure><\/li><li class=\"wp-block-jetpack-slideshow_slide swiper-slide\"><figure><img decoding=\"async\" width=\"945\" height=\"630\" alt=\"\" class=\"wp-block-jetpack-slideshow_image wp-image-143383 lazyload\" data-id=\"143383\" data-src=\"https:\/\/eldiariodesanpedro.com.ar\/sitio\/wp-content\/uploads\/2025\/09\/DSC_0134.jpg\" data-srcset=\"https:\/\/eldiariodesanpedro.com.ar\/sitio\/wp-content\/uploads\/2025\/09\/DSC_0134.jpg 945w, https:\/\/eldiariodesanpedro.com.ar\/sitio\/wp-content\/uploads\/2025\/09\/DSC_0134-300x200.jpg 300w, https:\/\/eldiariodesanpedro.com.ar\/sitio\/wp-content\/uploads\/2025\/09\/DSC_0134-768x512.jpg 768w\" data-sizes=\"(max-width: 945px) 100vw, 945px\" src=\"data:image\/svg+xml;base64,PHN2ZyB3aWR0aD0iMSIgaGVpZ2h0PSIxIiB4bWxucz0iaHR0cDovL3d3dy53My5vcmcvMjAwMC9zdmciPjwvc3ZnPg==\" style=\"--smush-placeholder-width: 945px; --smush-placeholder-aspect-ratio: 945\/630;\" \/><\/figure><\/li><li class=\"wp-block-jetpack-slideshow_slide swiper-slide\"><figure><img decoding=\"async\" width=\"945\" height=\"630\" alt=\"\" class=\"wp-block-jetpack-slideshow_image wp-image-143384 lazyload\" data-id=\"143384\" data-src=\"https:\/\/eldiariodesanpedro.com.ar\/sitio\/wp-content\/uploads\/2025\/09\/DSC_0140.jpg\" data-srcset=\"https:\/\/eldiariodesanpedro.com.ar\/sitio\/wp-content\/uploads\/2025\/09\/DSC_0140.jpg 945w, https:\/\/eldiariodesanpedro.com.ar\/sitio\/wp-content\/uploads\/2025\/09\/DSC_0140-300x200.jpg 300w, https:\/\/eldiariodesanpedro.com.ar\/sitio\/wp-content\/uploads\/2025\/09\/DSC_0140-768x512.jpg 768w\" data-sizes=\"(max-width: 945px) 100vw, 945px\" src=\"data:image\/svg+xml;base64,PHN2ZyB3aWR0aD0iMSIgaGVpZ2h0PSIxIiB4bWxucz0iaHR0cDovL3d3dy53My5vcmcvMjAwMC9zdmciPjwvc3ZnPg==\" style=\"--smush-placeholder-width: 945px; --smush-placeholder-aspect-ratio: 945\/630;\" \/><\/figure><\/li><li class=\"wp-block-jetpack-slideshow_slide swiper-slide\"><figure><img decoding=\"async\" width=\"945\" height=\"630\" alt=\"\" class=\"wp-block-jetpack-slideshow_image wp-image-143385 lazyload\" data-id=\"143385\" data-src=\"https:\/\/eldiariodesanpedro.com.ar\/sitio\/wp-content\/uploads\/2025\/09\/DSC_0197.jpg\" data-srcset=\"https:\/\/eldiariodesanpedro.com.ar\/sitio\/wp-content\/uploads\/2025\/09\/DSC_0197.jpg 945w, https:\/\/eldiariodesanpedro.com.ar\/sitio\/wp-content\/uploads\/2025\/09\/DSC_0197-300x200.jpg 300w, https:\/\/eldiariodesanpedro.com.ar\/sitio\/wp-content\/uploads\/2025\/09\/DSC_0197-768x512.jpg 768w\" data-sizes=\"(max-width: 945px) 100vw, 945px\" src=\"data:image\/svg+xml;base64,PHN2ZyB3aWR0aD0iMSIgaGVpZ2h0PSIxIiB4bWxucz0iaHR0cDovL3d3dy53My5vcmcvMjAwMC9zdmciPjwvc3ZnPg==\" style=\"--smush-placeholder-width: 945px; --smush-placeholder-aspect-ratio: 945\/630;\" \/><\/figure><\/li><li class=\"wp-block-jetpack-slideshow_slide swiper-slide\"><figure><img decoding=\"async\" width=\"945\" height=\"630\" alt=\"\" class=\"wp-block-jetpack-slideshow_image wp-image-143386 lazyload\" data-id=\"143386\" data-src=\"https:\/\/eldiariodesanpedro.com.ar\/sitio\/wp-content\/uploads\/2025\/09\/DSC_0213.jpg\" data-srcset=\"https:\/\/eldiariodesanpedro.com.ar\/sitio\/wp-content\/uploads\/2025\/09\/DSC_0213.jpg 945w, https:\/\/eldiariodesanpedro.com.ar\/sitio\/wp-content\/uploads\/2025\/09\/DSC_0213-300x200.jpg 300w, https:\/\/eldiariodesanpedro.com.ar\/sitio\/wp-content\/uploads\/2025\/09\/DSC_0213-768x512.jpg 768w\" data-sizes=\"(max-width: 945px) 100vw, 945px\" src=\"data:image\/svg+xml;base64,PHN2ZyB3aWR0aD0iMSIgaGVpZ2h0PSIxIiB4bWxucz0iaHR0cDovL3d3dy53My5vcmcvMjAwMC9zdmciPjwvc3ZnPg==\" style=\"--smush-placeholder-width: 945px; --smush-placeholder-aspect-ratio: 945\/630;\" \/><\/figure><\/li><li class=\"wp-block-jetpack-slideshow_slide swiper-slide\"><figure><img decoding=\"async\" width=\"945\" height=\"630\" alt=\"\" class=\"wp-block-jetpack-slideshow_image wp-image-143387 lazyload\" data-id=\"143387\" data-src=\"https:\/\/eldiariodesanpedro.com.ar\/sitio\/wp-content\/uploads\/2025\/09\/DSC_0218.jpg\" data-srcset=\"https:\/\/eldiariodesanpedro.com.ar\/sitio\/wp-content\/uploads\/2025\/09\/DSC_0218.jpg 945w, https:\/\/eldiariodesanpedro.com.ar\/sitio\/wp-content\/uploads\/2025\/09\/DSC_0218-300x200.jpg 300w, https:\/\/eldiariodesanpedro.com.ar\/sitio\/wp-content\/uploads\/2025\/09\/DSC_0218-768x512.jpg 768w\" data-sizes=\"(max-width: 945px) 100vw, 945px\" src=\"data:image\/svg+xml;base64,PHN2ZyB3aWR0aD0iMSIgaGVpZ2h0PSIxIiB4bWxucz0iaHR0cDovL3d3dy53My5vcmcvMjAwMC9zdmciPjwvc3ZnPg==\" style=\"--smush-placeholder-width: 945px; --smush-placeholder-aspect-ratio: 945\/630;\" \/><\/figure><\/li><li class=\"wp-block-jetpack-slideshow_slide swiper-slide\"><figure><img decoding=\"async\" width=\"945\" height=\"630\" alt=\"\" class=\"wp-block-jetpack-slideshow_image wp-image-143388 lazyload\" data-id=\"143388\" data-src=\"https:\/\/eldiariodesanpedro.com.ar\/sitio\/wp-content\/uploads\/2025\/09\/DSC_0230.jpg\" data-srcset=\"https:\/\/eldiariodesanpedro.com.ar\/sitio\/wp-content\/uploads\/2025\/09\/DSC_0230.jpg 945w, https:\/\/eldiariodesanpedro.com.ar\/sitio\/wp-content\/uploads\/2025\/09\/DSC_0230-300x200.jpg 300w, https:\/\/eldiariodesanpedro.com.ar\/sitio\/wp-content\/uploads\/2025\/09\/DSC_0230-768x512.jpg 768w\" data-sizes=\"(max-width: 945px) 100vw, 945px\" src=\"data:image\/svg+xml;base64,PHN2ZyB3aWR0aD0iMSIgaGVpZ2h0PSIxIiB4bWxucz0iaHR0cDovL3d3dy53My5vcmcvMjAwMC9zdmciPjwvc3ZnPg==\" style=\"--smush-placeholder-width: 945px; --smush-placeholder-aspect-ratio: 945\/630;\" \/><\/figure><\/li><li class=\"wp-block-jetpack-slideshow_slide swiper-slide\"><figure><img decoding=\"async\" width=\"945\" height=\"630\" alt=\"\" class=\"wp-block-jetpack-slideshow_image wp-image-143389 lazyload\" data-id=\"143389\" data-src=\"https:\/\/eldiariodesanpedro.com.ar\/sitio\/wp-content\/uploads\/2025\/09\/DSC_0246.jpg\" data-srcset=\"https:\/\/eldiariodesanpedro.com.ar\/sitio\/wp-content\/uploads\/2025\/09\/DSC_0246.jpg 945w, https:\/\/eldiariodesanpedro.com.ar\/sitio\/wp-content\/uploads\/2025\/09\/DSC_0246-300x200.jpg 300w, https:\/\/eldiariodesanpedro.com.ar\/sitio\/wp-content\/uploads\/2025\/09\/DSC_0246-768x512.jpg 768w\" data-sizes=\"(max-width: 945px) 100vw, 945px\" src=\"data:image\/svg+xml;base64,PHN2ZyB3aWR0aD0iMSIgaGVpZ2h0PSIxIiB4bWxucz0iaHR0cDovL3d3dy53My5vcmcvMjAwMC9zdmciPjwvc3ZnPg==\" style=\"--smush-placeholder-width: 945px; --smush-placeholder-aspect-ratio: 945\/630;\" \/><\/figure><\/li><li class=\"wp-block-jetpack-slideshow_slide swiper-slide\"><figure><img decoding=\"async\" width=\"945\" height=\"630\" alt=\"\" class=\"wp-block-jetpack-slideshow_image wp-image-143390 lazyload\" data-id=\"143390\" data-src=\"https:\/\/eldiariodesanpedro.com.ar\/sitio\/wp-content\/uploads\/2025\/09\/DSC_0250.jpg\" data-srcset=\"https:\/\/eldiariodesanpedro.com.ar\/sitio\/wp-content\/uploads\/2025\/09\/DSC_0250.jpg 945w, https:\/\/eldiariodesanpedro.com.ar\/sitio\/wp-content\/uploads\/2025\/09\/DSC_0250-300x200.jpg 300w, https:\/\/eldiariodesanpedro.com.ar\/sitio\/wp-content\/uploads\/2025\/09\/DSC_0250-768x512.jpg 768w\" data-sizes=\"(max-width: 945px) 100vw, 945px\" src=\"data:image\/svg+xml;base64,PHN2ZyB3aWR0aD0iMSIgaGVpZ2h0PSIxIiB4bWxucz0iaHR0cDovL3d3dy53My5vcmcvMjAwMC9zdmciPjwvc3ZnPg==\" style=\"--smush-placeholder-width: 945px; --smush-placeholder-aspect-ratio: 945\/630;\" \/><\/figure><\/li><li class=\"wp-block-jetpack-slideshow_slide swiper-slide\"><figure><img decoding=\"async\" width=\"945\" height=\"630\" alt=\"\" class=\"wp-block-jetpack-slideshow_image wp-image-143391 lazyload\" data-id=\"143391\" data-src=\"https:\/\/eldiariodesanpedro.com.ar\/sitio\/wp-content\/uploads\/2025\/09\/DSC_0266.jpg\" data-srcset=\"https:\/\/eldiariodesanpedro.com.ar\/sitio\/wp-content\/uploads\/2025\/09\/DSC_0266.jpg 945w, https:\/\/eldiariodesanpedro.com.ar\/sitio\/wp-content\/uploads\/2025\/09\/DSC_0266-300x200.jpg 300w, https:\/\/eldiariodesanpedro.com.ar\/sitio\/wp-content\/uploads\/2025\/09\/DSC_0266-768x512.jpg 768w\" data-sizes=\"(max-width: 945px) 100vw, 945px\" src=\"data:image\/svg+xml;base64,PHN2ZyB3aWR0aD0iMSIgaGVpZ2h0PSIxIiB4bWxucz0iaHR0cDovL3d3dy53My5vcmcvMjAwMC9zdmciPjwvc3ZnPg==\" style=\"--smush-placeholder-width: 945px; --smush-placeholder-aspect-ratio: 945\/630;\" \/><\/figure><\/li><li class=\"wp-block-jetpack-slideshow_slide swiper-slide\"><figure><img decoding=\"async\" width=\"945\" height=\"630\" alt=\"\" class=\"wp-block-jetpack-slideshow_image wp-image-143392 lazyload\" data-id=\"143392\" data-src=\"https:\/\/eldiariodesanpedro.com.ar\/sitio\/wp-content\/uploads\/2025\/09\/DSC_0286.jpg\" data-srcset=\"https:\/\/eldiariodesanpedro.com.ar\/sitio\/wp-content\/uploads\/2025\/09\/DSC_0286.jpg 945w, https:\/\/eldiariodesanpedro.com.ar\/sitio\/wp-content\/uploads\/2025\/09\/DSC_0286-300x200.jpg 300w, https:\/\/eldiariodesanpedro.com.ar\/sitio\/wp-content\/uploads\/2025\/09\/DSC_0286-768x512.jpg 768w\" data-sizes=\"(max-width: 945px) 100vw, 945px\" src=\"data:image\/svg+xml;base64,PHN2ZyB3aWR0aD0iMSIgaGVpZ2h0PSIxIiB4bWxucz0iaHR0cDovL3d3dy53My5vcmcvMjAwMC9zdmciPjwvc3ZnPg==\" style=\"--smush-placeholder-width: 945px; --smush-placeholder-aspect-ratio: 945\/630;\" \/><\/figure><\/li><\/ul><a class=\"wp-block-jetpack-slideshow_button-prev swiper-button-prev swiper-button-white\" role=\"button\"><\/a><a class=\"wp-block-jetpack-slideshow_button-next swiper-button-next swiper-button-white\" role=\"button\"><\/a><a aria-label=\"Pause Slideshow\" class=\"wp-block-jetpack-slideshow_button-pause\" role=\"button\"><\/a><div class=\"wp-block-jetpack-slideshow_pagination swiper-pagination swiper-pagination-white\"><\/div><\/div><\/div>\n","protected":false},"excerpt":{"rendered":"<p>San Pedro vivi\u00f3 este lunes una jornada hist\u00f3rica con la proclamaci\u00f3n del templo de Nuestra Se\u00f1ora del Socorro como bas\u00edlica menor, en una ceremonia encabezada por el nuncio apost\u00f3lico, monse\u00f1or Miroslaw Adamczyk, en representaci\u00f3n del papa Le\u00f3n XIV. Entre los asistentes se destac\u00f3 la presencia de la vicepresidenta de la Naci\u00f3n, Victoria Villarruel, adem\u00e1s del [&hellip;]<\/p>\n","protected":false},"author":4,"featured_media":143393,"comment_status":"closed","ping_status":"closed","sticky":false,"template":"","format":"standard","meta":{"om_disable_all_campaigns":false,"_jetpack_memberships_contains_paid_content":false,"footnotes":""},"categories":[50,101,2],"tags":[5925,5926,5922,5927,5924,5923,5921],"class_list":["post-143380","post","type-post","status-publish","format-standard","has-post-thumbnail","hentry","category-destacadas","category-interes-general-locales","category-locales","tag-devocion-mariana-san-pedro","tag-historia-templo-neoclasico-san-pedro","tag-papa-francisco-decreto-basilica","tag-procesion-religiosa-san-pedro","tag-proclamacion-basilica-san-pedro","tag-san-pedro-basilica-menor","tag-templo-nuestra-senora-del-socorro"],"aioseo_notices":[],"gutentor_comment":0,"jetpack_featured_media_url":"https:\/\/eldiariodesanpedro.com.ar\/sitio\/wp-content\/uploads\/2025\/09\/545230869_122143221770409717_7858661384602994132_n.jpg","jetpack_shortlink":"https:\/\/wp.me\/p6RhLt-BiA","jetpack_sharing_enabled":true,"_links":{"self":[{"href":"https:\/\/eldiariodesanpedro.com.ar\/sitio\/wp-json\/wp\/v2\/posts\/143380","targetHints":{"allow":["GET"]}}],"collection":[{"href":"https:\/\/eldiariodesanpedro.com.ar\/sitio\/wp-json\/wp\/v2\/posts"}],"about":[{"href":"https:\/\/eldiariodesanpedro.com.ar\/sitio\/wp-json\/wp\/v2\/types\/post"}],"author":[{"embeddable":true,"href":"https:\/\/eldiariodesanpedro.com.ar\/sitio\/wp-json\/wp\/v2\/users\/4"}],"replies":[{"embeddable":true,"href":"https:\/\/eldiariodesanpedro.com.ar\/sitio\/wp-json\/wp\/v2\/comments?post=143380"}],"version-history":[{"count":1,"href":"https:\/\/eldiariodesanpedro.com.ar\/sitio\/wp-json\/wp\/v2\/posts\/143380\/revisions"}],"predecessor-version":[{"id":143394,"href":"https:\/\/eldiariodesanpedro.com.ar\/sitio\/wp-json\/wp\/v2\/posts\/143380\/revisions\/143394"}],"wp:featuredmedia":[{"embeddable":true,"href":"https:\/\/eldiariodesanpedro.com.ar\/sitio\/wp-json\/wp\/v2\/media\/143393"}],"wp:attachment":[{"href":"https:\/\/eldiariodesanpedro.com.ar\/sitio\/wp-json\/wp\/v2\/media?parent=143380"}],"wp:term":[{"taxonomy":"category","embeddable":true,"href":"https:\/\/eldiariodesanpedro.com.ar\/sitio\/wp-json\/wp\/v2\/categories?post=143380"},{"taxonomy":"post_tag","embeddable":true,"href":"https:\/\/eldiariodesanpedro.com.ar\/sitio\/wp-json\/wp\/v2\/tags?post=143380"}],"curies":[{"name":"wp","href":"https:\/\/api.w.org\/{rel}","templated":true}]}}