{"id":143372,"date":"2025-09-08T13:40:55","date_gmt":"2025-09-08T16:40:55","guid":{"rendered":"https:\/\/eldiariodesanpedro.com.ar\/sitio\/?p=143372"},"modified":"2025-09-08T13:41:00","modified_gmt":"2025-09-08T16:41:00","slug":"la-libertad-avanza-se-queda-con-las-tres-bancas-del-consejo-escolar-de-san-pedro","status":"publish","type":"post","link":"https:\/\/eldiariodesanpedro.com.ar\/sitio\/la-libertad-avanza-se-queda-con-las-tres-bancas-del-consejo-escolar-de-san-pedro\/","title":{"rendered":"La Libertad Avanza se queda con las tres bancas del Consejo Escolar de San Pedro"},"content":{"rendered":"<!-- VideographyWP Plugin Message: Automatic video embedding prevented by plugin options. -->\n\n<p>La <strong>elecci\u00f3n de este domingo<\/strong> defini\u00f3 la <strong>nueva composici\u00f3n del Consejo Escolar de San Pedro<\/strong>. De los <strong>33.924 votos afirmativos<\/strong>, con un <strong>5% de votos en blanco<\/strong>, se estableci\u00f3 que cada banca requer\u00eda <strong>11.308 sufragios<\/strong> para ser ocupada.<\/p>\n\n\n\n<p>Con los resultados obtenidos, <strong>La Libertad Avanza<\/strong>, con <strong>13.673 votos<\/strong>, fue la <strong>\u00fanica agrupaci\u00f3n pol\u00edtica<\/strong> que alcanz\u00f3 la cifra necesaria y <strong>se quedar\u00e1 con las tres bancas en juego<\/strong>.<\/p>\n\n\n\n<p>En diciembre asumir\u00e1n <strong>Marianela J\u00e9sica Rottenschweiler, Fernando Jos\u00e9 Geoghegan y Leonor N\u00e9lida Parra<\/strong>, quienes se sumar\u00e1n a <strong>Silvina Garc\u00eda, N\u00e9stor Abeledo y Laura Ponzio<\/strong>, que continuar\u00e1n en sus cargos.<\/p>\n\n\n\n<p>#SanPedro #Elecciones2025 #ConsejoEscolar #LaLibertadAvanza #ResultadosElectorales<\/p>\n","protected":false},"excerpt":{"rendered":"<p>La elecci\u00f3n de este domingo defini\u00f3 la nueva composici\u00f3n del Consejo Escolar de San Pedro. De los 33.924 votos afirmativos, con un 5% de votos en blanco, se estableci\u00f3 que cada banca requer\u00eda 11.308 sufragios para ser ocupada. Con los resultados obtenidos, La Libertad Avanza, con 13.673 votos, fue la \u00fanica agrupaci\u00f3n pol\u00edtica que alcanz\u00f3 [&hellip;]<\/p>\n","protected":false},"author":4,"featured_media":143373,"comment_status":"closed","ping_status":"closed","sticky":false,"template":"","format":"standard","meta":{"om_disable_all_campaigns":false,"_jetpack_memberships_contains_paid_content":false,"footnotes":""},"categories":[101,2],"tags":[5916,5915,5385,5906,5917],"class_list":["post-143372","post","type-post","status-publish","format-standard","has-post-thumbnail","hentry","category-interes-general-locales","category-locales","tag-bancas-consejo-escolar","tag-consejo-escolar-san-pedro","tag-elecciones-san-pedro-2025","tag-la-libertad-avanza","tag-resultados-elecciones-locales"],"aioseo_notices":[],"gutentor_comment":0,"jetpack_featured_media_url":"https:\/\/eldiariodesanpedro.com.ar\/sitio\/wp-content\/uploads\/2025\/09\/medida-14.jpg","jetpack_shortlink":"https:\/\/wp.me\/p6RhLt-Bis","jetpack_sharing_enabled":true,"_links":{"self":[{"href":"https:\/\/eldiariodesanpedro.com.ar\/sitio\/wp-json\/wp\/v2\/posts\/143372","targetHints":{"allow":["GET"]}}],"collection":[{"href":"https:\/\/eldiariodesanpedro.com.ar\/sitio\/wp-json\/wp\/v2\/posts"}],"about":[{"href":"https:\/\/eldiariodesanpedro.com.ar\/sitio\/wp-json\/wp\/v2\/types\/post"}],"author":[{"embeddable":true,"href":"https:\/\/eldiariodesanpedro.com.ar\/sitio\/wp-json\/wp\/v2\/users\/4"}],"replies":[{"embeddable":true,"href":"https:\/\/eldiariodesanpedro.com.ar\/sitio\/wp-json\/wp\/v2\/comments?post=143372"}],"version-history":[{"count":1,"href":"https:\/\/eldiariodesanpedro.com.ar\/sitio\/wp-json\/wp\/v2\/posts\/143372\/revisions"}],"predecessor-version":[{"id":143374,"href":"https:\/\/eldiariodesanpedro.com.ar\/sitio\/wp-json\/wp\/v2\/posts\/143372\/revisions\/143374"}],"wp:featuredmedia":[{"embeddable":true,"href":"https:\/\/eldiariodesanpedro.com.ar\/sitio\/wp-json\/wp\/v2\/media\/143373"}],"wp:attachment":[{"href":"https:\/\/eldiariodesanpedro.com.ar\/sitio\/wp-json\/wp\/v2\/media?parent=143372"}],"wp:term":[{"taxonomy":"category","embeddable":true,"href":"https:\/\/eldiariodesanpedro.com.ar\/sitio\/wp-json\/wp\/v2\/categories?post=143372"},{"taxonomy":"post_tag","embeddable":true,"href":"https:\/\/eldiariodesanpedro.com.ar\/sitio\/wp-json\/wp\/v2\/tags?post=143372"}],"curies":[{"name":"wp","href":"https:\/\/api.w.org\/{rel}","templated":true}]}}