{"id":143367,"date":"2025-09-08T13:00:11","date_gmt":"2025-09-08T16:00:11","guid":{"rendered":"https:\/\/eldiariodesanpedro.com.ar\/sitio\/?p=143367"},"modified":"2025-09-08T13:15:02","modified_gmt":"2025-09-08T16:15:02","slug":"martin-rivas-reconocio-la-derrota-electoral-y-ratifico-la-continuidad-de-acuerdo-ciudadano","status":"publish","type":"post","link":"https:\/\/eldiariodesanpedro.com.ar\/sitio\/martin-rivas-reconocio-la-derrota-electoral-y-ratifico-la-continuidad-de-acuerdo-ciudadano\/","title":{"rendered":"Mart\u00edn Rivas reconoci\u00f3 la derrota electoral y ratific\u00f3 la continuidad de Acuerdo Ciudadano"},"content":{"rendered":"<!-- VideographyWP Plugin Message: Automatic video embedding prevented by plugin options. -->\n\n<p><strong>Acuerdo Ciudadano San Pedro<\/strong> emiti\u00f3 un comunicado tras su primera participaci\u00f3n en elecciones legislativas locales. El espacio, encabezado por <strong>Mart\u00edn Rivas<\/strong>, qued\u00f3 en el quinto lugar, \u201cmuy por debajo de las expectativas\u201d, seg\u00fan expres\u00f3 el dirigente.<\/p>\n\n\n\n<p>En su mensaje, Rivas admiti\u00f3 que el resultado fue <strong>\u201cun golpe fuerte\u201d<\/strong>, pero destac\u00f3 la decisi\u00f3n de competir con un <strong>sello propio, vecinalista y transparente<\/strong>, sin \u201cpadrinos ni jefes pol\u00edticos\u201d.<\/p>\n\n\n\n<p>\u201c<strong>Asumo totalmente la responsabilidad de este resultado, como corresponde a quien toma decisiones y se pone al frente. Pongo la cara como siempre y me hago cargo<\/strong>\u201d, se\u00f1al\u00f3 Rivas, quien adem\u00e1s agradeci\u00f3 a los vecinos que acompa\u00f1aron con su voto y a los militantes que trabajaron durante la campa\u00f1a.<\/p>\n\n\n\n<p>El dirigente remarc\u00f3 que, a pesar de la derrota, <strong>Acuerdo Ciudadano es un proyecto colectivo que seguir\u00e1 creciendo<\/strong>. En pocos meses, la agrupaci\u00f3n pas\u00f3 de ser un grupo de vecinos a constituirse como partido y competir en elecciones legislativas.<\/p>\n\n\n\n<p>\u201c<strong>Aunque el resultado de hoy duela, este camino reci\u00e9n empieza. San Pedro necesita otra forma de hacer pol\u00edtica, y vamos a seguir trabajando por eso<\/strong>\u201d, afirm\u00f3 Rivas, confirmando que el espacio continuar\u00e1 fortaleci\u00e9ndose de cara al futuro.<\/p>\n\n\n\n<p>#AcuerdoCiudadano #Mart\u00ednRivas #EleccionesSanPedro #Pol\u00edticaLocal #SanPedro<\/p>\n\n\n\n<iframe data-src=\"https:\/\/www.facebook.com\/plugins\/post.php?href=https%3A%2F%2Fwww.facebook.com%2Fmartin.rivas.351%2Fposts%2Fpfbid02KpCWP8VpSw5o2R3nubBFSgTLUYxjYu696eTFktFhgV6ovq1TQZTxeikKz8kxN49xl&#038;show_text=true&#038;width=500\" width=\"500\" height=\"258\" style=\"border:none;overflow:hidden\" scrolling=\"no\" frameborder=\"0\" allowfullscreen=\"true\" allow=\"autoplay; clipboard-write; encrypted-media; picture-in-picture; web-share\" src=\"data:image\/svg+xml;base64,PHN2ZyB3aWR0aD0iMSIgaGVpZ2h0PSIxIiB4bWxucz0iaHR0cDovL3d3dy53My5vcmcvMjAwMC9zdmciPjwvc3ZnPg==\" class=\"lazyload\" data-load-mode=\"1\"><\/iframe>\n\n\n\n<p><br><\/p>\n","protected":false},"excerpt":{"rendered":"<p>Acuerdo Ciudadano San Pedro emiti\u00f3 un comunicado tras su primera participaci\u00f3n en elecciones legislativas locales. El espacio, encabezado por Mart\u00edn Rivas, qued\u00f3 en el quinto lugar, \u201cmuy por debajo de las expectativas\u201d, seg\u00fan expres\u00f3 el dirigente. En su mensaje, Rivas admiti\u00f3 que el resultado fue \u201cun golpe fuerte\u201d, pero destac\u00f3 la decisi\u00f3n de competir con [&hellip;]<\/p>\n","protected":false},"author":4,"featured_media":143368,"comment_status":"closed","ping_status":"closed","sticky":false,"template":"","format":"standard","meta":{"om_disable_all_campaigns":false,"_jetpack_memberships_contains_paid_content":false,"footnotes":""},"categories":[101,2],"tags":[5910,5914,5911,5913,5912],"class_list":["post-143367","post","type-post","status-publish","format-standard","has-post-thumbnail","hentry","category-interes-general-locales","category-locales","tag-acuerdo-ciudadano-san-pedro","tag-elecciones-locales-san-pedro","tag-martin-rivas-elecciones","tag-politica-vecinalista-san-pedro","tag-resultados-legislativos-san-pedro"],"aioseo_notices":[],"gutentor_comment":0,"jetpack_featured_media_url":"https:\/\/eldiariodesanpedro.com.ar\/sitio\/wp-content\/uploads\/2025\/09\/Imagen-de-WhatsApp-2025-09-07-a-las-09.41.22_d30e663a.jpg","jetpack_shortlink":"https:\/\/wp.me\/p6RhLt-Bin","jetpack_sharing_enabled":true,"_links":{"self":[{"href":"https:\/\/eldiariodesanpedro.com.ar\/sitio\/wp-json\/wp\/v2\/posts\/143367","targetHints":{"allow":["GET"]}}],"collection":[{"href":"https:\/\/eldiariodesanpedro.com.ar\/sitio\/wp-json\/wp\/v2\/posts"}],"about":[{"href":"https:\/\/eldiariodesanpedro.com.ar\/sitio\/wp-json\/wp\/v2\/types\/post"}],"author":[{"embeddable":true,"href":"https:\/\/eldiariodesanpedro.com.ar\/sitio\/wp-json\/wp\/v2\/users\/4"}],"replies":[{"embeddable":true,"href":"https:\/\/eldiariodesanpedro.com.ar\/sitio\/wp-json\/wp\/v2\/comments?post=143367"}],"version-history":[{"count":2,"href":"https:\/\/eldiariodesanpedro.com.ar\/sitio\/wp-json\/wp\/v2\/posts\/143367\/revisions"}],"predecessor-version":[{"id":143371,"href":"https:\/\/eldiariodesanpedro.com.ar\/sitio\/wp-json\/wp\/v2\/posts\/143367\/revisions\/143371"}],"wp:featuredmedia":[{"embeddable":true,"href":"https:\/\/eldiariodesanpedro.com.ar\/sitio\/wp-json\/wp\/v2\/media\/143368"}],"wp:attachment":[{"href":"https:\/\/eldiariodesanpedro.com.ar\/sitio\/wp-json\/wp\/v2\/media?parent=143367"}],"wp:term":[{"taxonomy":"category","embeddable":true,"href":"https:\/\/eldiariodesanpedro.com.ar\/sitio\/wp-json\/wp\/v2\/categories?post=143367"},{"taxonomy":"post_tag","embeddable":true,"href":"https:\/\/eldiariodesanpedro.com.ar\/sitio\/wp-json\/wp\/v2\/tags?post=143367"}],"curies":[{"name":"wp","href":"https:\/\/api.w.org\/{rel}","templated":true}]}}