{"id":143361,"date":"2025-09-08T12:26:14","date_gmt":"2025-09-08T15:26:14","guid":{"rendered":"https:\/\/eldiariodesanpedro.com.ar\/sitio\/?p=143361"},"modified":"2025-09-08T12:26:18","modified_gmt":"2025-09-08T15:26:18","slug":"elecciones-legislativas-la-libertad-avanza-obtiene-4-bancas-fuerza-patria-3-y-nuevos-aires-2-en-el-concejo-deliberante","status":"publish","type":"post","link":"https:\/\/eldiariodesanpedro.com.ar\/sitio\/elecciones-legislativas-la-libertad-avanza-obtiene-4-bancas-fuerza-patria-3-y-nuevos-aires-2-en-el-concejo-deliberante\/","title":{"rendered":"Elecciones legislativas: La Libertad Avanza obtiene 4 bancas, Fuerza Patria 3 y Nuevos Aires 2 en el Concejo Deliberante"},"content":{"rendered":"<!-- VideographyWP Plugin Message: Automatic video embedding prevented by plugin options. -->\n\n<p><strong>El reparto de bancas dej\u00f3 4 concejales para La Libertad Avanza, 3 para Fuerza Patria y 2 para Nuevos Aires en el Concejo Deliberante.<\/strong><\/p>\n\n\n\n<p>Los <strong>resultados de las elecciones legislativas<\/strong> de este domingo dejaron <strong>definido el ingreso de 8 de las 9 bancas en juego<\/strong> para la renovaci\u00f3n del Honorable Concejo Deliberante. La distribuci\u00f3n se realiz\u00f3 mediante el <strong>sistema de cociente<\/strong>, que establece la cifra repartidora a partir del total de votos afirmativos dividido por la cantidad de esca\u00f1os en disputa.<\/p>\n\n\n\n<p>Con <strong>33.924 votos v\u00e1lidos<\/strong> y una cifra repartidora de <strong>3.769 sufragios<\/strong>, solamente tres fuerzas pol\u00edticas superaron el piso necesario: <strong>La Libertad Avanza (13.673 votos)<\/strong>, <strong>Fuerza Patria (9.554)<\/strong> y <strong>Nuevos Aires (3.906)<\/strong>. En cambio, el espacio <strong>Hechos<\/strong>, con <strong>3.697 votos<\/strong>, qued\u00f3 afuera <strong>por apenas 72 votos<\/strong>.<\/p>\n\n\n\n<p>De esta manera, el reparto de bancas quedar\u00eda conformado por <strong>4 concejales para La Libertad Avanza<\/strong> (<strong>Ariel Rey, Melina Panatteri, Joaqu\u00edn Gonz\u00e1lez y Mariana Reynoso<\/strong>), <strong>3 ediles para Fuerza Patria<\/strong> (<strong>Valent\u00edn Bravo, Candelaria Cuscuela y Mart\u00edn Baraybar<\/strong>) y <strong>2 para Nuevos Aires<\/strong> (<strong>Dami\u00e1n Mosquera y Bel\u00e9n Santos<\/strong>).<\/p>\n\n\n\n<p>Sin embargo, el panorama a\u00fan no est\u00e1 completamente cerrado. <strong>El escrutinio definitivo<\/strong>, que se llevar\u00e1 a cabo en los pr\u00f3ximos quince d\u00edas, podr\u00eda modificar el reparto si <strong>Hechos logra superar el umbral de votos necesario<\/strong>. En ese caso, <strong>Mauro Rasio<\/strong> ingresar\u00eda al HCD en lugar de Bel\u00e9n Santos.<\/p>\n\n\n\n<p>#Elecciones2025 #SanPedro #ConcejoDeliberante #ResultadosElectorales #Pol\u00edtica<\/p>\n\n\n\n<div class=\"wp-block-jetpack-slideshow aligncenter\" data-effect=\"slide\" style=\"--aspect-ratio:calc(640 \/ 360)\"><div class=\"wp-block-jetpack-slideshow_container swiper-container\"><ul class=\"wp-block-jetpack-slideshow_swiper-wrapper swiper-wrapper\"><li class=\"wp-block-jetpack-slideshow_slide swiper-slide\"><figure><img decoding=\"async\" width=\"1024\" height=\"576\" alt=\"\" class=\"wp-block-jetpack-slideshow_image wp-image-143363 lazyload\" data-id=\"143363\" data-aspect-ratio=\"640 \/ 360\" data-src=\"https:\/\/eldiariodesanpedro.com.ar\/sitio\/wp-content\/uploads\/2025\/09\/Imagen-de-WhatsApp-2025-09-07-a-las-10.43.11_c30cecdf-1024x576.jpg\" data-srcset=\"https:\/\/eldiariodesanpedro.com.ar\/sitio\/wp-content\/uploads\/2025\/09\/Imagen-de-WhatsApp-2025-09-07-a-las-10.43.11_c30cecdf-1024x576.jpg 1024w, https:\/\/eldiariodesanpedro.com.ar\/sitio\/wp-content\/uploads\/2025\/09\/Imagen-de-WhatsApp-2025-09-07-a-las-10.43.11_c30cecdf-300x169.jpg 300w, https:\/\/eldiariodesanpedro.com.ar\/sitio\/wp-content\/uploads\/2025\/09\/Imagen-de-WhatsApp-2025-09-07-a-las-10.43.11_c30cecdf-768x432.jpg 768w, https:\/\/eldiariodesanpedro.com.ar\/sitio\/wp-content\/uploads\/2025\/09\/Imagen-de-WhatsApp-2025-09-07-a-las-10.43.11_c30cecdf.jpg 1120w\" data-sizes=\"(max-width: 1024px) 100vw, 1024px\" src=\"data:image\/svg+xml;base64,PHN2ZyB3aWR0aD0iMSIgaGVpZ2h0PSIxIiB4bWxucz0iaHR0cDovL3d3dy53My5vcmcvMjAwMC9zdmciPjwvc3ZnPg==\" style=\"--smush-placeholder-width: 1024px; --smush-placeholder-aspect-ratio: 1024\/576;\" \/><\/figure><\/li><li class=\"wp-block-jetpack-slideshow_slide swiper-slide\"><figure><img decoding=\"async\" width=\"1024\" height=\"576\" alt=\"\" class=\"wp-block-jetpack-slideshow_image wp-image-143364 lazyload\" data-id=\"143364\" data-aspect-ratio=\"640 \/ 360\" data-src=\"https:\/\/eldiariodesanpedro.com.ar\/sitio\/wp-content\/uploads\/2025\/09\/Imagen-de-WhatsApp-2025-09-07-a-las-13.41.41_bbaf86cb-1024x576.jpg\" data-srcset=\"https:\/\/eldiariodesanpedro.com.ar\/sitio\/wp-content\/uploads\/2025\/09\/Imagen-de-WhatsApp-2025-09-07-a-las-13.41.41_bbaf86cb-1024x576.jpg 1024w, https:\/\/eldiariodesanpedro.com.ar\/sitio\/wp-content\/uploads\/2025\/09\/Imagen-de-WhatsApp-2025-09-07-a-las-13.41.41_bbaf86cb-300x169.jpg 300w, https:\/\/eldiariodesanpedro.com.ar\/sitio\/wp-content\/uploads\/2025\/09\/Imagen-de-WhatsApp-2025-09-07-a-las-13.41.41_bbaf86cb-768x432.jpg 768w, https:\/\/eldiariodesanpedro.com.ar\/sitio\/wp-content\/uploads\/2025\/09\/Imagen-de-WhatsApp-2025-09-07-a-las-13.41.41_bbaf86cb.jpg 1120w\" data-sizes=\"(max-width: 1024px) 100vw, 1024px\" src=\"data:image\/svg+xml;base64,PHN2ZyB3aWR0aD0iMSIgaGVpZ2h0PSIxIiB4bWxucz0iaHR0cDovL3d3dy53My5vcmcvMjAwMC9zdmciPjwvc3ZnPg==\" style=\"--smush-placeholder-width: 1024px; --smush-placeholder-aspect-ratio: 1024\/576;\" \/><\/figure><\/li><li class=\"wp-block-jetpack-slideshow_slide swiper-slide\"><figure><img decoding=\"async\" width=\"1024\" height=\"576\" alt=\"\" class=\"wp-block-jetpack-slideshow_image wp-image-143365 lazyload\" data-id=\"143365\" data-aspect-ratio=\"640 \/ 360\" data-src=\"https:\/\/eldiariodesanpedro.com.ar\/sitio\/wp-content\/uploads\/2025\/09\/Imagen-de-WhatsApp-2025-09-07-a-las-09.09.46_d58a8750-1024x576.jpg\" data-srcset=\"https:\/\/eldiariodesanpedro.com.ar\/sitio\/wp-content\/uploads\/2025\/09\/Imagen-de-WhatsApp-2025-09-07-a-las-09.09.46_d58a8750-1024x576.jpg 1024w, https:\/\/eldiariodesanpedro.com.ar\/sitio\/wp-content\/uploads\/2025\/09\/Imagen-de-WhatsApp-2025-09-07-a-las-09.09.46_d58a8750-300x169.jpg 300w, https:\/\/eldiariodesanpedro.com.ar\/sitio\/wp-content\/uploads\/2025\/09\/Imagen-de-WhatsApp-2025-09-07-a-las-09.09.46_d58a8750-768x432.jpg 768w, https:\/\/eldiariodesanpedro.com.ar\/sitio\/wp-content\/uploads\/2025\/09\/Imagen-de-WhatsApp-2025-09-07-a-las-09.09.46_d58a8750.jpg 1120w\" data-sizes=\"(max-width: 1024px) 100vw, 1024px\" src=\"data:image\/svg+xml;base64,PHN2ZyB3aWR0aD0iMSIgaGVpZ2h0PSIxIiB4bWxucz0iaHR0cDovL3d3dy53My5vcmcvMjAwMC9zdmciPjwvc3ZnPg==\" style=\"--smush-placeholder-width: 1024px; --smush-placeholder-aspect-ratio: 1024\/576;\" \/><\/figure><\/li><\/ul><a class=\"wp-block-jetpack-slideshow_button-prev swiper-button-prev swiper-button-white\" role=\"button\"><\/a><a class=\"wp-block-jetpack-slideshow_button-next swiper-button-next swiper-button-white\" role=\"button\"><\/a><a aria-label=\"Pause Slideshow\" class=\"wp-block-jetpack-slideshow_button-pause\" role=\"button\"><\/a><div class=\"wp-block-jetpack-slideshow_pagination swiper-pagination swiper-pagination-white\"><\/div><\/div><\/div>\n","protected":false},"excerpt":{"rendered":"<p>El reparto de bancas dej\u00f3 4 concejales para La Libertad Avanza, 3 para Fuerza Patria y 2 para Nuevos Aires en el Concejo Deliberante. Los resultados de las elecciones legislativas de este domingo dejaron definido el ingreso de 8 de las 9 bancas en juego para la renovaci\u00f3n del Honorable Concejo Deliberante. La distribuci\u00f3n se [&hellip;]<\/p>\n","protected":false},"author":4,"featured_media":143362,"comment_status":"closed","ping_status":"closed","sticky":false,"template":"","format":"standard","meta":{"om_disable_all_campaigns":false,"_jetpack_memberships_contains_paid_content":false,"footnotes":""},"categories":[50,101,2],"tags":[5907,5904,5909,5387,5906,5905,5908],"class_list":["post-143361","post","type-post","status-publish","format-standard","has-post-thumbnail","hentry","category-destacadas","category-interes-general-locales","category-locales","tag-bancas-concejo-deliberante","tag-elecciones-legislativas-san-pedro","tag-escrutinio-definitivo","tag-fuerza-patria","tag-la-libertad-avanza","tag-nuevos-aires","tag-resultados-elecciones"],"aioseo_notices":[],"gutentor_comment":0,"jetpack_featured_media_url":"https:\/\/eldiariodesanpedro.com.ar\/sitio\/wp-content\/uploads\/2025\/09\/medida-13.jpg","jetpack_shortlink":"https:\/\/wp.me\/p6RhLt-Bih","jetpack_sharing_enabled":true,"_links":{"self":[{"href":"https:\/\/eldiariodesanpedro.com.ar\/sitio\/wp-json\/wp\/v2\/posts\/143361","targetHints":{"allow":["GET"]}}],"collection":[{"href":"https:\/\/eldiariodesanpedro.com.ar\/sitio\/wp-json\/wp\/v2\/posts"}],"about":[{"href":"https:\/\/eldiariodesanpedro.com.ar\/sitio\/wp-json\/wp\/v2\/types\/post"}],"author":[{"embeddable":true,"href":"https:\/\/eldiariodesanpedro.com.ar\/sitio\/wp-json\/wp\/v2\/users\/4"}],"replies":[{"embeddable":true,"href":"https:\/\/eldiariodesanpedro.com.ar\/sitio\/wp-json\/wp\/v2\/comments?post=143361"}],"version-history":[{"count":1,"href":"https:\/\/eldiariodesanpedro.com.ar\/sitio\/wp-json\/wp\/v2\/posts\/143361\/revisions"}],"predecessor-version":[{"id":143366,"href":"https:\/\/eldiariodesanpedro.com.ar\/sitio\/wp-json\/wp\/v2\/posts\/143361\/revisions\/143366"}],"wp:featuredmedia":[{"embeddable":true,"href":"https:\/\/eldiariodesanpedro.com.ar\/sitio\/wp-json\/wp\/v2\/media\/143362"}],"wp:attachment":[{"href":"https:\/\/eldiariodesanpedro.com.ar\/sitio\/wp-json\/wp\/v2\/media?parent=143361"}],"wp:term":[{"taxonomy":"category","embeddable":true,"href":"https:\/\/eldiariodesanpedro.com.ar\/sitio\/wp-json\/wp\/v2\/categories?post=143361"},{"taxonomy":"post_tag","embeddable":true,"href":"https:\/\/eldiariodesanpedro.com.ar\/sitio\/wp-json\/wp\/v2\/tags?post=143361"}],"curies":[{"name":"wp","href":"https:\/\/api.w.org\/{rel}","templated":true}]}}