{"id":14333,"date":"2017-02-08T19:53:04","date_gmt":"2017-02-08T22:53:04","guid":{"rendered":"https:\/\/eldiariodesanpedro.com.ar\/sitio\/?p=14333"},"modified":"2017-02-08T19:53:04","modified_gmt":"2017-02-08T22:53:04","slug":"manana-y-el-viernes-los-bancos-abriran-hasta-el-mediodia-solamente","status":"publish","type":"post","link":"https:\/\/eldiariodesanpedro.com.ar\/sitio\/manana-y-el-viernes-los-bancos-abriran-hasta-el-mediodia-solamente\/","title":{"rendered":"Ma\u00f1ana y el viernes los bancos abrir\u00e1n hasta el mediod\u00eda solamente"},"content":{"rendered":"<p><!-- VideographyWP Plugin Message: Automatic video embedding prevented by plugin options. --><br \/>\nLa Bancaria convoc\u00f3 para jueves y viernes pr\u00f3ximos a asambleas con cese de actividades en  entidades financieras de todo el pa\u00eds, en nuestra ciudad se trabajara hasta las 12:00 hs del mediod\u00eda y el lunes pr\u00f3ximo prev\u00e9 anunciar la fecha de un paro nacional, en protesta por la decisi\u00f3n del Gobierno de frenar el acuerdo salarial alcanzado con las c\u00e1maras empresarias.<\/p>\n<p>El gremio que conduce Sergio Palazzo indic\u00f3 que las asambleas ser\u00e1n preparatorias \u201cde un paro nacional bancario\u201d y advirti\u00f3 que habr\u00e1 \u201ccese de actividades\u201d por lo que la medida afectar\u00e1 la atenci\u00f3n al p\u00fablico.<\/p>\n<p>El sindicato explic\u00f3 que cada seccional establecer\u00e1 \u201cla modalidad\u201d bajo la cual se realizar\u00e1n las asambleas y las manifestaciones previstas para jueves y viernes.<\/p>\n<p>En otro punto del comunicado, La Bancaria hizo responsable del conflicto al ministro de Trabajo, Jorge Triaca y a las entidades financieras que no abonaron el acuerdo salarial firmado con las c\u00e1maras del sector.<\/p>\n<p>Seg\u00fan un despacho de la agencia NA, la Bancaria adem\u00e1s convoc\u00f3 a un Plenario de Secretarios Generales para el lunes 13 de febrero con el prop\u00f3sito de determinar la fecha del paro nacional.<\/p>\n<p>El gremio advirti\u00f3 que desde este jueves no podr\u00e1 \u201cgarantizar\u201d la atenci\u00f3n al p\u00fablico \u201cya sea por las asambleas, otras medidas de acci\u00f3n y o derivaciones de este conflicto\u201d.<\/p>\n<p>El conflicto con La Bancaria se desat\u00f3 luego de la decisi\u00f3n del Gobierno de frenar el acuerdo salarial firmado en diciembre pasado, ya que el convenio superaba el techo de incremento que pretende imponer la administraci\u00f3n de Mauricio Macri.<\/p>\n<p>Es que, de concretarse el aumento los trabajadores bancarios conseguir\u00edan una mejora de 24% para s\u00f3lo tres meses, cuando el Ejecutivo pretende que las subas no superen el 18%.<\/p>\n<p>A tal punto lleg\u00f3 la oposici\u00f3n del Gobierno al convenio salarial, que la cartera laboral decidi\u00f3 apelar el fallo de la C\u00e1mara de Apelaciones del Trabajo que inst\u00f3 a las c\u00e1maras a pagar el incremento y le pidi\u00f3 al Ejecutivo no interferir.<\/p>\n<p>Esta estrategia oficial qued\u00f3 acordada en una reuni\u00f3n realizada en Trabajo entre Triaca y el vicejefe de Gabinete, Mario Quintana, con las c\u00e1maras de entidades financieras.<\/p>\n<p>El acuerdo dispon\u00eda el pago de una suma no remunerativa de $ 8.000 que se deb\u00eda pagar antes del 31 de diciembre \u00faltimo para compensar la inflaci\u00f3n a trabajadores con sueldos inferiores a $ 25.000.<\/p>\n<p>Otra suma de $10.000 era a los trabajadores cuyos salarios se hayan ubicado en promedio entre $25.000 y $35.000; y cobrar\u00e1n $ 12.000 quienes hayan registrado sueldos superiores.<\/p>\n<p>El acuerdo tambi\u00e9n dispon\u00eda de un anticipo mensual para enero, febrero, marzo y abril que se integrar\u00e1n como una suma fija de $ 2.000, a lo que se adicionar\u00e1 un 10% de todas las remuneraciones.<\/p>\n","protected":false},"excerpt":{"rendered":"<p>La Bancaria convoc\u00f3 para jueves y viernes pr\u00f3ximos a asambleas con cese de actividades en entidades financieras de todo el pa\u00eds, en nuestra ciudad se trabajara hasta las 12:00 hs del mediod\u00eda y el lunes pr\u00f3ximo prev\u00e9 anunciar la fecha de un paro nacional, en protesta por la decisi\u00f3n del Gobierno de frenar el acuerdo [&hellip;]<\/p>\n","protected":false},"author":4,"featured_media":14334,"comment_status":"open","ping_status":"closed","sticky":false,"template":"","format":"standard","meta":{"om_disable_all_campaigns":false,"_jetpack_memberships_contains_paid_content":false,"footnotes":""},"categories":[101,2],"tags":[],"class_list":["post-14333","post","type-post","status-publish","format-standard","has-post-thumbnail","hentry","category-interes-general-locales","category-locales"],"aioseo_notices":[],"gutentor_comment":0,"jetpack_featured_media_url":"https:\/\/eldiariodesanpedro.com.ar\/sitio\/wp-content\/uploads\/2017\/02\/banco_provincia.jpg","jetpack_shortlink":"https:\/\/wp.me\/p6RhLt-3Jb","jetpack_sharing_enabled":true,"_links":{"self":[{"href":"https:\/\/eldiariodesanpedro.com.ar\/sitio\/wp-json\/wp\/v2\/posts\/14333","targetHints":{"allow":["GET"]}}],"collection":[{"href":"https:\/\/eldiariodesanpedro.com.ar\/sitio\/wp-json\/wp\/v2\/posts"}],"about":[{"href":"https:\/\/eldiariodesanpedro.com.ar\/sitio\/wp-json\/wp\/v2\/types\/post"}],"author":[{"embeddable":true,"href":"https:\/\/eldiariodesanpedro.com.ar\/sitio\/wp-json\/wp\/v2\/users\/4"}],"replies":[{"embeddable":true,"href":"https:\/\/eldiariodesanpedro.com.ar\/sitio\/wp-json\/wp\/v2\/comments?post=14333"}],"version-history":[{"count":1,"href":"https:\/\/eldiariodesanpedro.com.ar\/sitio\/wp-json\/wp\/v2\/posts\/14333\/revisions"}],"predecessor-version":[{"id":14335,"href":"https:\/\/eldiariodesanpedro.com.ar\/sitio\/wp-json\/wp\/v2\/posts\/14333\/revisions\/14335"}],"wp:featuredmedia":[{"embeddable":true,"href":"https:\/\/eldiariodesanpedro.com.ar\/sitio\/wp-json\/wp\/v2\/media\/14334"}],"wp:attachment":[{"href":"https:\/\/eldiariodesanpedro.com.ar\/sitio\/wp-json\/wp\/v2\/media?parent=14333"}],"wp:term":[{"taxonomy":"category","embeddable":true,"href":"https:\/\/eldiariodesanpedro.com.ar\/sitio\/wp-json\/wp\/v2\/categories?post=14333"},{"taxonomy":"post_tag","embeddable":true,"href":"https:\/\/eldiariodesanpedro.com.ar\/sitio\/wp-json\/wp\/v2\/tags?post=14333"}],"curies":[{"name":"wp","href":"https:\/\/api.w.org\/{rel}","templated":true}]}}