{"id":14331,"date":"2017-02-08T19:25:53","date_gmt":"2017-02-08T22:25:53","guid":{"rendered":"https:\/\/eldiariodesanpedro.com.ar\/sitio\/?p=14331"},"modified":"2017-02-08T19:25:53","modified_gmt":"2017-02-08T22:25:53","slug":"total-inrresponsabilidad-cinco-personas-que-circulaban-en-moto-sufrieron-un-accidente","status":"publish","type":"post","link":"https:\/\/eldiariodesanpedro.com.ar\/sitio\/total-inrresponsabilidad-cinco-personas-que-circulaban-en-moto-sufrieron-un-accidente\/","title":{"rendered":"Total inrresponsabilidad, cinco personas que circulaban en moto sufrieron un accidente"},"content":{"rendered":"<p><!-- VideographyWP Plugin Message: Automatic video embedding prevented by plugin options. --><br \/>\nAyer martes 7 de febrero en la localidad de Baradero, alrededor de las 12:20 horas, en la Estaci\u00f3n de Polic\u00eda Comunal Baradero, se tom\u00f3 conocimiento de que, por causas que se tratan de establecer, en calle Godoy Cruz entre Lino Pi\u00f1eiro y Pedro Alonso, una motocicleta Honda BIZ, color roja, conducida por una femenina de 20 a\u00f1os, acompa\u00f1ada por otra persona del mismo sexo de 24 a\u00f1os y tres menores: dos meses, 1 y medio y 4 a\u00f1os respectivamente, colision\u00f3 una Pick Up Ford F 100, la cual estaba estacionada en el lugar, hall\u00e1ndose en su interior un hombre de 44 a\u00f1os, oriundo de San Pedro.<br \/>\nA consecuencia de la colisi\u00f3n todos los ocupantes del rodado menor fueron derivados al hospital local.<br \/>\nLuego de realizarle los estudios pertinentes, el m\u00e9dico en turno determin\u00f3 que sufrieron lesiones. Excepto el beb\u00e9 de dos meses quien fue derivado a un hospital de La Plata, el resto fueron dados de alta, el propietario de la camioneta result\u00f3 ileso.<br \/>\nEn el lugar se hizo presente polic\u00eda cient\u00edfica.- Los veh\u00edculos intervinientes fueron secuestrados a los fines periciales.- Se instruyeron actuaciones bajo la car\u00e1tula de Lesiones Culposas, con intervenci\u00f3n de la Fiscal\u00eda en turno.<\/p>\n","protected":false},"excerpt":{"rendered":"<p>Ayer martes 7 de febrero en la localidad de Baradero, alrededor de las 12:20 horas, en la Estaci\u00f3n de Polic\u00eda Comunal Baradero, se tom\u00f3 conocimiento de que, por causas que se tratan de establecer, en calle Godoy Cruz entre Lino Pi\u00f1eiro y Pedro Alonso, una motocicleta Honda BIZ, color roja, conducida por una femenina de [&hellip;]<\/p>\n","protected":false},"author":4,"featured_media":14311,"comment_status":"open","ping_status":"closed","sticky":false,"template":"","format":"standard","meta":{"om_disable_all_campaigns":false,"_jetpack_memberships_contains_paid_content":false,"footnotes":""},"categories":[50,621],"tags":[],"class_list":["post-14331","post","type-post","status-publish","format-standard","has-post-thumbnail","hentry","category-destacadas","category-regionales"],"aioseo_notices":[],"gutentor_comment":0,"jetpack_featured_media_url":"https:\/\/eldiariodesanpedro.com.ar\/sitio\/wp-content\/uploads\/2017\/02\/111-e1486570117771.png","jetpack_shortlink":"https:\/\/wp.me\/p6RhLt-3J9","jetpack_sharing_enabled":true,"_links":{"self":[{"href":"https:\/\/eldiariodesanpedro.com.ar\/sitio\/wp-json\/wp\/v2\/posts\/14331","targetHints":{"allow":["GET"]}}],"collection":[{"href":"https:\/\/eldiariodesanpedro.com.ar\/sitio\/wp-json\/wp\/v2\/posts"}],"about":[{"href":"https:\/\/eldiariodesanpedro.com.ar\/sitio\/wp-json\/wp\/v2\/types\/post"}],"author":[{"embeddable":true,"href":"https:\/\/eldiariodesanpedro.com.ar\/sitio\/wp-json\/wp\/v2\/users\/4"}],"replies":[{"embeddable":true,"href":"https:\/\/eldiariodesanpedro.com.ar\/sitio\/wp-json\/wp\/v2\/comments?post=14331"}],"version-history":[{"count":1,"href":"https:\/\/eldiariodesanpedro.com.ar\/sitio\/wp-json\/wp\/v2\/posts\/14331\/revisions"}],"predecessor-version":[{"id":14332,"href":"https:\/\/eldiariodesanpedro.com.ar\/sitio\/wp-json\/wp\/v2\/posts\/14331\/revisions\/14332"}],"wp:featuredmedia":[{"embeddable":true,"href":"https:\/\/eldiariodesanpedro.com.ar\/sitio\/wp-json\/wp\/v2\/media\/14311"}],"wp:attachment":[{"href":"https:\/\/eldiariodesanpedro.com.ar\/sitio\/wp-json\/wp\/v2\/media?parent=14331"}],"wp:term":[{"taxonomy":"category","embeddable":true,"href":"https:\/\/eldiariodesanpedro.com.ar\/sitio\/wp-json\/wp\/v2\/categories?post=14331"},{"taxonomy":"post_tag","embeddable":true,"href":"https:\/\/eldiariodesanpedro.com.ar\/sitio\/wp-json\/wp\/v2\/tags?post=14331"}],"curies":[{"name":"wp","href":"https:\/\/api.w.org\/{rel}","templated":true}]}}