{"id":143304,"date":"2025-09-05T11:56:30","date_gmt":"2025-09-05T14:56:30","guid":{"rendered":"https:\/\/eldiariodesanpedro.com.ar\/sitio\/?p=143304"},"modified":"2025-09-05T11:56:34","modified_gmt":"2025-09-05T14:56:34","slug":"municipalidad-lanzo-el-programa-piloto-desde-el-aula-para-promover-la-educacion-ambiental-en-las-escuelas","status":"publish","type":"post","link":"https:\/\/eldiariodesanpedro.com.ar\/sitio\/municipalidad-lanzo-el-programa-piloto-desde-el-aula-para-promover-la-educacion-ambiental-en-las-escuelas\/","title":{"rendered":"Municipalidad lanz\u00f3 el programa piloto \u201cDesde el Aula\u201d para promover la educaci\u00f3n ambiental en las escuelas"},"content":{"rendered":"<!-- VideographyWP Plugin Message: Automatic video embedding prevented by plugin options. -->\n\n<p><strong>La Municipalidad de San Pedro lanz\u00f3 el programa piloto \u201cDesde el Aula\u201d<\/strong>, una iniciativa destinada a <strong>promover la educaci\u00f3n ambiental, la separaci\u00f3n en origen y la econom\u00eda circular en instituciones educativas<\/strong>. El proyecto es impulsado por la <strong>Secretar\u00eda de Producci\u00f3n, Industria y Comercio<\/strong>, a trav\u00e9s de la <strong>Direcci\u00f3n de Ambiente<\/strong>, en colaboraci\u00f3n con la <strong>Direcci\u00f3n de Educaci\u00f3n<\/strong>.<\/p>\n\n\n\n<p>La <strong>presentaci\u00f3n oficial<\/strong> se llev\u00f3 a cabo en el <strong>Despacho Municipal<\/strong>, con la presencia del <strong>intendente Cecilio Salazar<\/strong>, junto a autoridades provinciales y educativas. Tras el acto, comenz\u00f3 la primera etapa de implementaci\u00f3n en <strong>escuelas y jardines<\/strong> que ya ven\u00edan trabajando en estas tem\u00e1ticas.<\/p>\n\n\n\n<p>Cada instituci\u00f3n participante instal\u00f3 su <strong>punto de recupero<\/strong>, y con la colaboraci\u00f3n de <strong>directivos, docentes, estudiantes y familias<\/strong>, se pusieron en marcha <strong>campa\u00f1as de separaci\u00f3n de residuos reciclables secos<\/strong>. El <strong>Municipio y los recuperadores urbanos<\/strong> son los encargados de retirar, pesar y registrar el material recolectado, sumando puntos para cada establecimiento.<\/p>\n\n\n\n<p>Los puntos acumulados podr\u00e1n canjearse por <strong>insumos vinculados al cuidado del ambiente<\/strong>, como <strong>bancos de pl\u00e1stico reciclado, composteras, cestos diferenciados, luminarias solares y l\u00e1mparas de bajo consumo<\/strong>.<\/p>\n\n\n\n<p>Entre las instituciones que participan en esta primera etapa se encuentran el <strong>Jard\u00edn N\u00b0 919 \u201cHero\u00ednas de Malvinas\u201d<\/strong>, <strong>Jard\u00edn Municipal N\u00b0 4 \u201cFrutillitas\u201d<\/strong>, <strong>Jard\u00edn Municipal N\u00b0 3 \u201cSor Teresa de Calcuta\u201d<\/strong>, <strong>Jard\u00edn Municipal N\u00b0 5 \u201cLos Santos Quir\u00f3s\u201d<\/strong>, <strong>Escuela Especial N\u00b0 502<\/strong>, <strong>Escuela Primaria N\u00b0 7<\/strong>, <strong>Escuela Primaria N\u00b0 10<\/strong>, <strong>Escuela Primaria N\u00b0 45 de Bajo Tala<\/strong>, <strong>Escuela Secundaria N\u00b013<\/strong>, <strong>Escuela Secundaria N\u00b0 14<\/strong>, <strong>Escuela T\u00e9cnica<\/strong>, <strong>Escuela N\u00b0 13<\/strong>, <strong>Escuela T\u00e9cnica Agraria<\/strong>, <strong>Escuela Secundaria N\u00b0 5<\/strong>, y las <strong>Casas del Ni\u00f1o \u201cEl Amanecer\u201d y \u201cPaula Albarrac\u00edn\u201d<\/strong>.<\/p>\n\n\n\n<p>Educaci\u00f3nAmbiental #DesdeElAula #Econom\u00edaCircular #SanPedro #Ambiente #Reciclaje #Sustentabilidad<\/p>\n\n\n\n<div class=\"wp-block-jetpack-slideshow aligncenter\" data-effect=\"slide\" style=\"--aspect-ratio:calc(640 \/ 360)\"><div class=\"wp-block-jetpack-slideshow_container swiper-container\"><ul class=\"wp-block-jetpack-slideshow_swiper-wrapper swiper-wrapper\"><li class=\"wp-block-jetpack-slideshow_slide swiper-slide\"><figure><img decoding=\"async\" width=\"1024\" height=\"576\" alt=\"\" class=\"wp-block-jetpack-slideshow_image wp-image-143308 lazyload\" data-id=\"143308\" data-aspect-ratio=\"640 \/ 360\" data-src=\"https:\/\/eldiariodesanpedro.com.ar\/sitio\/wp-content\/uploads\/2025\/09\/WhatsApp-Image-2025-09-04-at-08.54.39-1024x576.jpeg\" data-srcset=\"https:\/\/eldiariodesanpedro.com.ar\/sitio\/wp-content\/uploads\/2025\/09\/WhatsApp-Image-2025-09-04-at-08.54.39-1024x576.jpeg 1024w, https:\/\/eldiariodesanpedro.com.ar\/sitio\/wp-content\/uploads\/2025\/09\/WhatsApp-Image-2025-09-04-at-08.54.39-300x169.jpeg 300w, https:\/\/eldiariodesanpedro.com.ar\/sitio\/wp-content\/uploads\/2025\/09\/WhatsApp-Image-2025-09-04-at-08.54.39-768x432.jpeg 768w, https:\/\/eldiariodesanpedro.com.ar\/sitio\/wp-content\/uploads\/2025\/09\/WhatsApp-Image-2025-09-04-at-08.54.39.jpeg 1120w\" data-sizes=\"(max-width: 1024px) 100vw, 1024px\" src=\"data:image\/svg+xml;base64,PHN2ZyB3aWR0aD0iMSIgaGVpZ2h0PSIxIiB4bWxucz0iaHR0cDovL3d3dy53My5vcmcvMjAwMC9zdmciPjwvc3ZnPg==\" style=\"--smush-placeholder-width: 1024px; --smush-placeholder-aspect-ratio: 1024\/576;\" \/><\/figure><\/li><\/ul><a class=\"wp-block-jetpack-slideshow_button-prev swiper-button-prev swiper-button-white\" role=\"button\"><\/a><a class=\"wp-block-jetpack-slideshow_button-next swiper-button-next swiper-button-white\" role=\"button\"><\/a><a aria-label=\"Pause Slideshow\" class=\"wp-block-jetpack-slideshow_button-pause\" role=\"button\"><\/a><div class=\"wp-block-jetpack-slideshow_pagination swiper-pagination swiper-pagination-white\"><\/div><\/div><\/div>\n","protected":false},"excerpt":{"rendered":"<p>La Municipalidad de San Pedro lanz\u00f3 el programa piloto \u201cDesde el Aula\u201d, una iniciativa destinada a promover la educaci\u00f3n ambiental, la separaci\u00f3n en origen y la econom\u00eda circular en instituciones educativas. El proyecto es impulsado por la Secretar\u00eda de Producci\u00f3n, Industria y Comercio, a trav\u00e9s de la Direcci\u00f3n de Ambiente, en colaboraci\u00f3n con la Direcci\u00f3n [&hellip;]<\/p>\n","protected":false},"author":4,"featured_media":143306,"comment_status":"closed","ping_status":"closed","sticky":false,"template":"","format":"standard","meta":{"om_disable_all_campaigns":false,"_jetpack_memberships_contains_paid_content":false,"footnotes":""},"categories":[101,2],"tags":[5854,5853,5850,5849,5855,5852,5851],"class_list":["post-143304","post","type-post","status-publish","format-standard","has-post-thumbnail","hentry","category-interes-general-locales","category-locales","tag-cecilio-salazar-ambiente","tag-economia-circular-en-escuelas","tag-educacion-ambiental-san-pedro","tag-programa-desde-el-aula","tag-puntos-verdes-escuelas","tag-reciclaje-san-pedro","tag-separacion-de-residuos"],"aioseo_notices":[],"gutentor_comment":0,"jetpack_featured_media_url":"https:\/\/eldiariodesanpedro.com.ar\/sitio\/wp-content\/uploads\/2025\/09\/WhatsApp-Image-2025-09-04-at-08.54.39-1.jpeg","jetpack_shortlink":"https:\/\/wp.me\/p6RhLt-Bhm","jetpack_sharing_enabled":true,"_links":{"self":[{"href":"https:\/\/eldiariodesanpedro.com.ar\/sitio\/wp-json\/wp\/v2\/posts\/143304","targetHints":{"allow":["GET"]}}],"collection":[{"href":"https:\/\/eldiariodesanpedro.com.ar\/sitio\/wp-json\/wp\/v2\/posts"}],"about":[{"href":"https:\/\/eldiariodesanpedro.com.ar\/sitio\/wp-json\/wp\/v2\/types\/post"}],"author":[{"embeddable":true,"href":"https:\/\/eldiariodesanpedro.com.ar\/sitio\/wp-json\/wp\/v2\/users\/4"}],"replies":[{"embeddable":true,"href":"https:\/\/eldiariodesanpedro.com.ar\/sitio\/wp-json\/wp\/v2\/comments?post=143304"}],"version-history":[{"count":2,"href":"https:\/\/eldiariodesanpedro.com.ar\/sitio\/wp-json\/wp\/v2\/posts\/143304\/revisions"}],"predecessor-version":[{"id":143311,"href":"https:\/\/eldiariodesanpedro.com.ar\/sitio\/wp-json\/wp\/v2\/posts\/143304\/revisions\/143311"}],"wp:featuredmedia":[{"embeddable":true,"href":"https:\/\/eldiariodesanpedro.com.ar\/sitio\/wp-json\/wp\/v2\/media\/143306"}],"wp:attachment":[{"href":"https:\/\/eldiariodesanpedro.com.ar\/sitio\/wp-json\/wp\/v2\/media?parent=143304"}],"wp:term":[{"taxonomy":"category","embeddable":true,"href":"https:\/\/eldiariodesanpedro.com.ar\/sitio\/wp-json\/wp\/v2\/categories?post=143304"},{"taxonomy":"post_tag","embeddable":true,"href":"https:\/\/eldiariodesanpedro.com.ar\/sitio\/wp-json\/wp\/v2\/tags?post=143304"}],"curies":[{"name":"wp","href":"https:\/\/api.w.org\/{rel}","templated":true}]}}