{"id":143301,"date":"2025-09-05T11:08:56","date_gmt":"2025-09-05T14:08:56","guid":{"rendered":"https:\/\/eldiariodesanpedro.com.ar\/sitio\/?p=143301"},"modified":"2025-09-05T11:09:01","modified_gmt":"2025-09-05T14:09:01","slug":"diligencia-de-allanamiento-por-retencion-indebida","status":"publish","type":"post","link":"https:\/\/eldiariodesanpedro.com.ar\/sitio\/diligencia-de-allanamiento-por-retencion-indebida\/","title":{"rendered":"Diligencia de allanamiento por retenci\u00f3n indebida"},"content":{"rendered":"<!-- VideographyWP Plugin Message: Automatic video embedding prevented by plugin options. -->\n\n<p>En la tarde de ayer, <strong>personal del Grupo T\u00e1ctico Operativo (GTO) de San Pedro<\/strong> llev\u00f3 adelante un procedimiento judicial en el marco de una causa por <strong>retenci\u00f3n indebida<\/strong>, originada a partir de una denuncia radicada en la <strong>Comisar\u00eda de la Mujer y la Familia<\/strong>.<\/p>\n\n\n\n<p>Tras las averiguaciones realizadas, se logr\u00f3 establecer la autor\u00eda del hecho, resultando <strong>imputada una mujer identificada como NN<\/strong>. Con la solicitud de la <strong>Fiscal\u00eda Local<\/strong>, el <strong>Juzgado de Garant\u00edas de San Nicol\u00e1s<\/strong> otorg\u00f3 la correspondiente <strong>orden de allanamiento<\/strong>, la cual fue diligenciada por el GTO en conjunto con personal de la comisar\u00eda, en una vivienda ubicada en <strong>calle Rivadavia al 2000<\/strong>.<\/p>\n\n\n\n<p>En el lugar se procedi\u00f3 a <strong>identificar a la moradora, una mujer de 44 a\u00f1os<\/strong>, sindicada como responsable del hecho investigado. Durante el operativo se logr\u00f3 <strong>secuestar documentaci\u00f3n a nombre del denunciante<\/strong>, elemento clave para la causa.<\/p>\n\n\n\n<p>Finalmente, la <strong>Fiscal\u00eda Local<\/strong> dispuso la <strong>notificaci\u00f3n de la formaci\u00f3n de la causa<\/strong> a la mujer por el delito mencionado y dem\u00e1s <strong>diligencias de rigor<\/strong>.<\/p>\n\n\n\n<p>Allanamiento #Retenci\u00f3nIndebida #Policiales #SanPedro #Justicia<\/p>\n","protected":false},"excerpt":{"rendered":"<p>En la tarde de ayer, personal del Grupo T\u00e1ctico Operativo (GTO) de San Pedro llev\u00f3 adelante un procedimiento judicial en el marco de una causa por retenci\u00f3n indebida, originada a partir de una denuncia radicada en la Comisar\u00eda de la Mujer y la Familia. Tras las averiguaciones realizadas, se logr\u00f3 establecer la autor\u00eda del hecho, [&hellip;]<\/p>\n","protected":false},"author":4,"featured_media":143302,"comment_status":"closed","ping_status":"closed","sticky":false,"template":"","format":"standard","meta":{"om_disable_all_campaigns":false,"_jetpack_memberships_contains_paid_content":false,"footnotes":""},"categories":[50,2,103],"tags":[5846,5418,5648,5194,5847,5848],"class_list":["post-143301","post","type-post","status-publish","format-standard","has-post-thumbnail","hentry","category-destacadas","category-locales","category-policiales-locales","tag-diligencia-de-allanamiento","tag-fiscalia-local","tag-grupo-tactico-operativo-san-pedro","tag-juzgado-de-garantias-san-nicolas","tag-retencion-indebida","tag-secuestro-de-documentacion"],"aioseo_notices":[],"gutentor_comment":0,"jetpack_featured_media_url":"https:\/\/eldiariodesanpedro.com.ar\/sitio\/wp-content\/uploads\/2025\/09\/medida-6.jpg","jetpack_shortlink":"https:\/\/wp.me\/p6RhLt-Bhj","jetpack_sharing_enabled":true,"_links":{"self":[{"href":"https:\/\/eldiariodesanpedro.com.ar\/sitio\/wp-json\/wp\/v2\/posts\/143301","targetHints":{"allow":["GET"]}}],"collection":[{"href":"https:\/\/eldiariodesanpedro.com.ar\/sitio\/wp-json\/wp\/v2\/posts"}],"about":[{"href":"https:\/\/eldiariodesanpedro.com.ar\/sitio\/wp-json\/wp\/v2\/types\/post"}],"author":[{"embeddable":true,"href":"https:\/\/eldiariodesanpedro.com.ar\/sitio\/wp-json\/wp\/v2\/users\/4"}],"replies":[{"embeddable":true,"href":"https:\/\/eldiariodesanpedro.com.ar\/sitio\/wp-json\/wp\/v2\/comments?post=143301"}],"version-history":[{"count":1,"href":"https:\/\/eldiariodesanpedro.com.ar\/sitio\/wp-json\/wp\/v2\/posts\/143301\/revisions"}],"predecessor-version":[{"id":143303,"href":"https:\/\/eldiariodesanpedro.com.ar\/sitio\/wp-json\/wp\/v2\/posts\/143301\/revisions\/143303"}],"wp:featuredmedia":[{"embeddable":true,"href":"https:\/\/eldiariodesanpedro.com.ar\/sitio\/wp-json\/wp\/v2\/media\/143302"}],"wp:attachment":[{"href":"https:\/\/eldiariodesanpedro.com.ar\/sitio\/wp-json\/wp\/v2\/media?parent=143301"}],"wp:term":[{"taxonomy":"category","embeddable":true,"href":"https:\/\/eldiariodesanpedro.com.ar\/sitio\/wp-json\/wp\/v2\/categories?post=143301"},{"taxonomy":"post_tag","embeddable":true,"href":"https:\/\/eldiariodesanpedro.com.ar\/sitio\/wp-json\/wp\/v2\/tags?post=143301"}],"curies":[{"name":"wp","href":"https:\/\/api.w.org\/{rel}","templated":true}]}}