{"id":143299,"date":"2025-09-05T09:56:52","date_gmt":"2025-09-05T12:56:52","guid":{"rendered":"https:\/\/eldiariodesanpedro.com.ar\/sitio\/?p=143299"},"modified":"2026-01-24T00:47:25","modified_gmt":"2026-01-24T03:47:25","slug":"fallecimiento-de-alfredo-ferreyra-a-los-84-anos","status":"publish","type":"post","link":"https:\/\/eldiariodesanpedro.com.ar\/sitio\/fallecimiento-de-alfredo-ferreyra-a-los-84-anos\/","title":{"rendered":"Fallecimiento de Alfredo Ferreyra a los 84 a\u00f1os"},"content":{"rendered":"<!-- VideographyWP Plugin Message: Automatic video embedding prevented by plugin options. -->\n\n<p>Con profundo pesar se comunica el fallecimiento de <strong>Alfredo Ferreyra<\/strong>, a la edad de <strong>84 a\u00f1os<\/strong>. Sus restos son velados en la <strong>Sala N\u00b0 2 de COOPSER Servicios Sociales<\/strong>, ubicada en <strong>3 de Febrero 1475<\/strong>.<\/p>\n\n\n\n<p>El <strong>servicio velatorio se extender\u00e1 hasta las 12:00 horas del viernes 5 de septiembre de 2025<\/strong>, momento en el que familiares, amigos y allegados podr\u00e1n brindarle el \u00faltimo adi\u00f3s.<\/p>\n\n\n\n<p>Desde COOPSER expresaron sus condolencias a todos sus seres queridos en este dif\u00edcil momento.<\/p>\n\n\n\n<p>#Fallecimiento #Obituario #SanPedro #AlfredoFerreyra #COOPSER<\/p>\n\n\n\n<p><br><\/p>\n","protected":false},"excerpt":{"rendered":"<p>Con profundo pesar se comunica el fallecimiento de Alfredo Ferreyra, a la edad de 84 a\u00f1os. Sus restos son velados en la Sala N\u00b0 2 de COOPSER Servicios Sociales, ubicada en 3 de Febrero 1475. El servicio velatorio se extender\u00e1 hasta las 12:00 horas del viernes 5 de septiembre de 2025, momento en el que [&hellip;]<\/p>\n","protected":false},"author":4,"featured_media":113757,"comment_status":"closed","ping_status":"closed","sticky":false,"template":"","format":"standard","meta":{"om_disable_all_campaigns":false,"_jetpack_memberships_contains_paid_content":false,"footnotes":""},"categories":[8424],"tags":[],"class_list":["post-143299","post","type-post","status-publish","format-standard","has-post-thumbnail","hentry","category-necrologicas"],"aioseo_notices":[],"gutentor_comment":0,"jetpack_featured_media_url":"https:\/\/eldiariodesanpedro.com.ar\/sitio\/wp-content\/uploads\/2023\/01\/necrologicas.jpg","jetpack_shortlink":"https:\/\/wp.me\/p6RhLt-Bhh","jetpack_sharing_enabled":true,"_links":{"self":[{"href":"https:\/\/eldiariodesanpedro.com.ar\/sitio\/wp-json\/wp\/v2\/posts\/143299","targetHints":{"allow":["GET"]}}],"collection":[{"href":"https:\/\/eldiariodesanpedro.com.ar\/sitio\/wp-json\/wp\/v2\/posts"}],"about":[{"href":"https:\/\/eldiariodesanpedro.com.ar\/sitio\/wp-json\/wp\/v2\/types\/post"}],"author":[{"embeddable":true,"href":"https:\/\/eldiariodesanpedro.com.ar\/sitio\/wp-json\/wp\/v2\/users\/4"}],"replies":[{"embeddable":true,"href":"https:\/\/eldiariodesanpedro.com.ar\/sitio\/wp-json\/wp\/v2\/comments?post=143299"}],"version-history":[{"count":1,"href":"https:\/\/eldiariodesanpedro.com.ar\/sitio\/wp-json\/wp\/v2\/posts\/143299\/revisions"}],"predecessor-version":[{"id":143300,"href":"https:\/\/eldiariodesanpedro.com.ar\/sitio\/wp-json\/wp\/v2\/posts\/143299\/revisions\/143300"}],"wp:featuredmedia":[{"embeddable":true,"href":"https:\/\/eldiariodesanpedro.com.ar\/sitio\/wp-json\/wp\/v2\/media\/113757"}],"wp:attachment":[{"href":"https:\/\/eldiariodesanpedro.com.ar\/sitio\/wp-json\/wp\/v2\/media?parent=143299"}],"wp:term":[{"taxonomy":"category","embeddable":true,"href":"https:\/\/eldiariodesanpedro.com.ar\/sitio\/wp-json\/wp\/v2\/categories?post=143299"},{"taxonomy":"post_tag","embeddable":true,"href":"https:\/\/eldiariodesanpedro.com.ar\/sitio\/wp-json\/wp\/v2\/tags?post=143299"}],"curies":[{"name":"wp","href":"https:\/\/api.w.org\/{rel}","templated":true}]}}