{"id":143294,"date":"2025-09-04T12:46:25","date_gmt":"2025-09-04T15:46:25","guid":{"rendered":"https:\/\/eldiariodesanpedro.com.ar\/sitio\/?p=143294"},"modified":"2025-09-04T12:46:30","modified_gmt":"2025-09-04T15:46:30","slug":"allanamiento-permitio-esclarecer-un-hurto-y-recuperar-elementos-robados","status":"publish","type":"post","link":"https:\/\/eldiariodesanpedro.com.ar\/sitio\/allanamiento-permitio-esclarecer-un-hurto-y-recuperar-elementos-robados\/","title":{"rendered":"Allanamiento permiti\u00f3 esclarecer un hurto y recuperar elementos robados"},"content":{"rendered":"<!-- VideographyWP Plugin Message: Automatic video embedding prevented by plugin options. -->\n\n<p>En el marco de una investigaci\u00f3n por <strong>hurto<\/strong>, personal policial junto al <strong>Grupo T\u00e1ctico Operativo (GTO)<\/strong> llev\u00f3 adelante en la tarde de ayer una <strong>diligencia judicial de allanamiento<\/strong> en una vivienda ubicada en <strong>calle Saavedra al 1700<\/strong>, tras una orden solicitada por la <strong>Fiscal\u00eda N\u00b07<\/strong> y otorgada por la <strong>Justicia Departamental<\/strong>.<\/p>\n\n\n\n<p>Durante el procedimiento, se procedi\u00f3 a la <strong>aprehensi\u00f3n de un hombre de 43 a\u00f1os<\/strong>, quien fue identificado como el morador del domicilio. En el lugar se logr\u00f3 el <strong>secuestro de dos baldes de 20 litros de pintura<\/strong>, los cuales hab\u00edan sido <strong>sustra\u00eddos d\u00edas atr\u00e1s a un ciudadano de 76 a\u00f1os<\/strong>, propietario del complejo de raz\u00f3n social <em>Cilento<\/em>, ubicado en <strong>Mateos Sbert al 800<\/strong>.<\/p>\n\n\n\n<p>El <strong>delincuente qued\u00f3 a disposici\u00f3n de la Justicia<\/strong>, siendo <strong>notificado del delito<\/strong> y posteriormente beneficiado con la <strong>libertad<\/strong>, mientras que los elementos secuestrados fueron <strong>recuperados satisfactoriamente<\/strong>. La investigaci\u00f3n fue posible gracias a <strong>arduas tareas investigativas<\/strong> que arrojaron resultados favorables para esclarecer el hecho.<\/p>\n\n\n\n<p>#Allanamiento #Hurto #Policiales #Investigaci\u00f3n #Fiscal\u00eda #SanPedro<\/p>\n","protected":false},"excerpt":{"rendered":"<p>En el marco de una investigaci\u00f3n por hurto, personal policial junto al Grupo T\u00e1ctico Operativo (GTO) llev\u00f3 adelante en la tarde de ayer una diligencia judicial de allanamiento en una vivienda ubicada en calle Saavedra al 1700, tras una orden solicitada por la Fiscal\u00eda N\u00b07 y otorgada por la Justicia Departamental. Durante el procedimiento, se [&hellip;]<\/p>\n","protected":false},"author":4,"featured_media":143295,"comment_status":"closed","ping_status":"closed","sticky":false,"template":"","format":"standard","meta":{"om_disable_all_campaigns":false,"_jetpack_memberships_contains_paid_content":false,"footnotes":""},"categories":[50,2,103],"tags":[5842,5844,5832,5413,5214,5845,5843],"class_list":["post-143294","post","type-post","status-publish","format-standard","has-post-thumbnail","hentry","category-destacadas","category-locales","category-policiales-locales","tag-allanamiento-por-hurto","tag-aprehension-masculino-43-anos","tag-fiscalia-n7","tag-gto-san-pedro","tag-investigacion-policial","tag-justicia-departamental","tag-recuperacion-de-objetos-robados"],"aioseo_notices":[],"gutentor_comment":0,"jetpack_featured_media_url":"https:\/\/eldiariodesanpedro.com.ar\/sitio\/wp-content\/uploads\/2025\/09\/medida-5.jpg","jetpack_shortlink":"https:\/\/wp.me\/p6RhLt-Bhc","jetpack_sharing_enabled":true,"_links":{"self":[{"href":"https:\/\/eldiariodesanpedro.com.ar\/sitio\/wp-json\/wp\/v2\/posts\/143294","targetHints":{"allow":["GET"]}}],"collection":[{"href":"https:\/\/eldiariodesanpedro.com.ar\/sitio\/wp-json\/wp\/v2\/posts"}],"about":[{"href":"https:\/\/eldiariodesanpedro.com.ar\/sitio\/wp-json\/wp\/v2\/types\/post"}],"author":[{"embeddable":true,"href":"https:\/\/eldiariodesanpedro.com.ar\/sitio\/wp-json\/wp\/v2\/users\/4"}],"replies":[{"embeddable":true,"href":"https:\/\/eldiariodesanpedro.com.ar\/sitio\/wp-json\/wp\/v2\/comments?post=143294"}],"version-history":[{"count":1,"href":"https:\/\/eldiariodesanpedro.com.ar\/sitio\/wp-json\/wp\/v2\/posts\/143294\/revisions"}],"predecessor-version":[{"id":143296,"href":"https:\/\/eldiariodesanpedro.com.ar\/sitio\/wp-json\/wp\/v2\/posts\/143294\/revisions\/143296"}],"wp:featuredmedia":[{"embeddable":true,"href":"https:\/\/eldiariodesanpedro.com.ar\/sitio\/wp-json\/wp\/v2\/media\/143295"}],"wp:attachment":[{"href":"https:\/\/eldiariodesanpedro.com.ar\/sitio\/wp-json\/wp\/v2\/media?parent=143294"}],"wp:term":[{"taxonomy":"category","embeddable":true,"href":"https:\/\/eldiariodesanpedro.com.ar\/sitio\/wp-json\/wp\/v2\/categories?post=143294"},{"taxonomy":"post_tag","embeddable":true,"href":"https:\/\/eldiariodesanpedro.com.ar\/sitio\/wp-json\/wp\/v2\/tags?post=143294"}],"curies":[{"name":"wp","href":"https:\/\/api.w.org\/{rel}","templated":true}]}}