{"id":143288,"date":"2025-09-04T12:13:53","date_gmt":"2025-09-04T15:13:53","guid":{"rendered":"https:\/\/eldiariodesanpedro.com.ar\/sitio\/?p=143288"},"modified":"2025-09-04T12:16:42","modified_gmt":"2025-09-04T15:16:42","slug":"aprehendido-por-presunto-delito-de-violencia-de-genero-y-encubrimiento-en-la-via-publica","status":"publish","type":"post","link":"https:\/\/eldiariodesanpedro.com.ar\/sitio\/aprehendido-por-presunto-delito-de-violencia-de-genero-y-encubrimiento-en-la-via-publica\/","title":{"rendered":"Aprehendido por presunto delito de violencia de g\u00e9nero y encubrimiento en la v\u00eda p\u00fablica"},"content":{"rendered":"<!-- VideographyWP Plugin Message: Automatic video embedding prevented by plugin options. -->\n\n<p>En horas de la tarde, <strong>personal policial que realizaba recorridas en la zona c\u00e9ntrica<\/strong> fue alertado por vecinos sobre una <strong>discusi\u00f3n en la v\u00eda p\u00fablica entre una pareja de mayor edad<\/strong>, donde el <strong>hombre estar\u00eda agrediendo f\u00edsicamente a la mujer<\/strong>.<\/p>\n\n\n\n<p>El hecho ocurri\u00f3 en la intersecci\u00f3n de <strong>Miguel Porta y Facundo Quiroga<\/strong>, donde los efectivos lograron dar con la pareja en cuesti\u00f3n y procedieron a la <strong>aprehensi\u00f3n de un masculino de 32 a\u00f1os<\/strong>. Durante la intervenci\u00f3n, se procedi\u00f3 al <strong>secuestro de una c\u00e9dula, un DNI y una tarjeta de d\u00e9bito Visa del Banco Provincia<\/strong>, elementos que hab\u00edan sido <strong>denunciados como sustra\u00eddos d\u00edas atr\u00e1s<\/strong> en un hecho de hurto.<\/p>\n\n\n\n<p>Por esta situaci\u00f3n, el individuo fue <strong>notificado por el delito de encubrimiento<\/strong> y, tras las actuaciones correspondientes, recuper\u00f3 su libertad. La mujer involucrada <strong>decidi\u00f3 no radicar denuncia respecto al conflicto de \u00edndole conyugal<\/strong>.<\/p>\n\n\n\n<p>En el caso <strong>intervino la Fiscal\u00eda N\u00b0 7 local<\/strong>, que continuar\u00e1 con las actuaciones judiciales pertinentes.<\/p>\n\n\n\n<p>#ViolenciaDeGenero #Policiales #Encubrimiento #Aprehensi\u00f3n #Seguridad<br><\/p>\n","protected":false},"excerpt":{"rendered":"<p>En horas de la tarde, personal policial que realizaba recorridas en la zona c\u00e9ntrica fue alertado por vecinos sobre una discusi\u00f3n en la v\u00eda p\u00fablica entre una pareja de mayor edad, donde el hombre estar\u00eda agrediendo f\u00edsicamente a la mujer. El hecho ocurri\u00f3 en la intersecci\u00f3n de Miguel Porta y Facundo Quiroga, donde los efectivos [&hellip;]<\/p>\n","protected":false},"author":4,"featured_media":143289,"comment_status":"closed","ping_status":"closed","sticky":false,"template":"","format":"standard","meta":{"om_disable_all_campaigns":false,"_jetpack_memberships_contains_paid_content":false,"footnotes":""},"categories":[2,103],"tags":[5833,5831,5832,28,5834,5835,2396],"class_list":["post-143288","post","type-post","status-publish","format-standard","has-post-thumbnail","hentry","category-locales","category-policiales-locales","tag-aprehension-en-zona-centrica","tag-encubrimiento","tag-fiscalia-n7","tag-hurto","tag-secuestro-documentacion","tag-seguridad-policial","tag-violencia-de-genero-2"],"aioseo_notices":[],"gutentor_comment":0,"jetpack_featured_media_url":"https:\/\/eldiariodesanpedro.com.ar\/sitio\/wp-content\/uploads\/2025\/09\/medida-3.jpg","jetpack_shortlink":"https:\/\/wp.me\/p6RhLt-Bh6","jetpack_sharing_enabled":true,"_links":{"self":[{"href":"https:\/\/eldiariodesanpedro.com.ar\/sitio\/wp-json\/wp\/v2\/posts\/143288","targetHints":{"allow":["GET"]}}],"collection":[{"href":"https:\/\/eldiariodesanpedro.com.ar\/sitio\/wp-json\/wp\/v2\/posts"}],"about":[{"href":"https:\/\/eldiariodesanpedro.com.ar\/sitio\/wp-json\/wp\/v2\/types\/post"}],"author":[{"embeddable":true,"href":"https:\/\/eldiariodesanpedro.com.ar\/sitio\/wp-json\/wp\/v2\/users\/4"}],"replies":[{"embeddable":true,"href":"https:\/\/eldiariodesanpedro.com.ar\/sitio\/wp-json\/wp\/v2\/comments?post=143288"}],"version-history":[{"count":1,"href":"https:\/\/eldiariodesanpedro.com.ar\/sitio\/wp-json\/wp\/v2\/posts\/143288\/revisions"}],"predecessor-version":[{"id":143290,"href":"https:\/\/eldiariodesanpedro.com.ar\/sitio\/wp-json\/wp\/v2\/posts\/143288\/revisions\/143290"}],"wp:featuredmedia":[{"embeddable":true,"href":"https:\/\/eldiariodesanpedro.com.ar\/sitio\/wp-json\/wp\/v2\/media\/143289"}],"wp:attachment":[{"href":"https:\/\/eldiariodesanpedro.com.ar\/sitio\/wp-json\/wp\/v2\/media?parent=143288"}],"wp:term":[{"taxonomy":"category","embeddable":true,"href":"https:\/\/eldiariodesanpedro.com.ar\/sitio\/wp-json\/wp\/v2\/categories?post=143288"},{"taxonomy":"post_tag","embeddable":true,"href":"https:\/\/eldiariodesanpedro.com.ar\/sitio\/wp-json\/wp\/v2\/tags?post=143288"}],"curies":[{"name":"wp","href":"https:\/\/api.w.org\/{rel}","templated":true}]}}