{"id":143285,"date":"2025-09-04T12:00:00","date_gmt":"2025-09-04T15:00:00","guid":{"rendered":"https:\/\/eldiariodesanpedro.com.ar\/sitio\/?p=143285"},"modified":"2025-09-04T12:00:04","modified_gmt":"2025-09-04T15:00:04","slug":"aprehendido-joven-con-doble-captura-activa-en-operativo-policial","status":"publish","type":"post","link":"https:\/\/eldiariodesanpedro.com.ar\/sitio\/aprehendido-joven-con-doble-captura-activa-en-operativo-policial\/","title":{"rendered":"Aprehendido joven con doble captura activa en operativo policial"},"content":{"rendered":"<!-- VideographyWP Plugin Message: Automatic video embedding prevented by plugin options. -->\n\n<p>En horas del <strong>mediod\u00eda<\/strong>, durante un patrullaje de rutina en la intersecci\u00f3n de <strong>Boulevard Paran\u00e1 y Almafuerte<\/strong>, <strong>personal policial<\/strong> identific\u00f3 y aprehendi\u00f3 a un <strong>ciudadano de 28 a\u00f1os<\/strong> sobre quien pesaban <strong>dos capturas activas<\/strong>.<\/p>\n\n\n\n<p>Seg\u00fan se inform\u00f3, el detenido ten\u00eda un <strong>Comparendo Compulsivo Activo por robo<\/strong>, con fecha de alta el <strong>5 de febrero de 2025<\/strong>, requerido por el <strong>Juzgado Correccional N\u00b03 del Departamento Judicial San Nicol\u00e1s<\/strong>. Al mismo tiempo, se constat\u00f3 un <strong>doble impedimento judicial<\/strong> solicitado por el <strong>Tribunal Criminal N\u00b02<\/strong> de la misma jurisdicci\u00f3n.<\/p>\n\n\n\n<p>Tras consultar a los magistrados intervinientes, se dispuso que el joven quede a disposici\u00f3n de la Justicia, adopt\u00e1ndose los <strong>recaudos legales correspondientes<\/strong> y estableci\u00e9ndose la <strong>comparecencia a audiencias judiciales<\/strong>. Finalmente, se determin\u00f3 que no era necesario mantener su detenci\u00f3n, aguardando la definici\u00f3n de las <strong>fechas de resoluci\u00f3n<\/strong>.<\/p>\n\n\n\n<p>#Policiales #SanNicol\u00e1s #CapturaActiva #Aprehendido #Seguridad<\/p>\n","protected":false},"excerpt":{"rendered":"<p>En horas del mediod\u00eda, durante un patrullaje de rutina en la intersecci\u00f3n de Boulevard Paran\u00e1 y Almafuerte, personal policial identific\u00f3 y aprehendi\u00f3 a un ciudadano de 28 a\u00f1os sobre quien pesaban dos capturas activas. Seg\u00fan se inform\u00f3, el detenido ten\u00eda un Comparendo Compulsivo Activo por robo, con fecha de alta el 5 de febrero de [&hellip;]<\/p>\n","protected":false},"author":4,"featured_media":143286,"comment_status":"closed","ping_status":"closed","sticky":false,"template":"","format":"standard","meta":{"om_disable_all_campaigns":false,"_jetpack_memberships_contains_paid_content":false,"footnotes":""},"categories":[2,103],"tags":[5828,5826,5827,5829,5830],"class_list":["post-143285","post","type-post","status-publish","format-standard","has-post-thumbnail","hentry","category-locales","category-policiales-locales","tag-aprehendido-doble-captura-activa","tag-comparendo-compulsivo-robo","tag-juzgado-correccional-3-san-nicolas","tag-operativo-policial-boulevard-parana","tag-tribunal-criminal-2-san-nicolas"],"aioseo_notices":[],"gutentor_comment":0,"jetpack_featured_media_url":"https:\/\/eldiariodesanpedro.com.ar\/sitio\/wp-content\/uploads\/2025\/09\/medida-2.jpg","jetpack_shortlink":"https:\/\/wp.me\/p6RhLt-Bh3","jetpack_sharing_enabled":true,"_links":{"self":[{"href":"https:\/\/eldiariodesanpedro.com.ar\/sitio\/wp-json\/wp\/v2\/posts\/143285","targetHints":{"allow":["GET"]}}],"collection":[{"href":"https:\/\/eldiariodesanpedro.com.ar\/sitio\/wp-json\/wp\/v2\/posts"}],"about":[{"href":"https:\/\/eldiariodesanpedro.com.ar\/sitio\/wp-json\/wp\/v2\/types\/post"}],"author":[{"embeddable":true,"href":"https:\/\/eldiariodesanpedro.com.ar\/sitio\/wp-json\/wp\/v2\/users\/4"}],"replies":[{"embeddable":true,"href":"https:\/\/eldiariodesanpedro.com.ar\/sitio\/wp-json\/wp\/v2\/comments?post=143285"}],"version-history":[{"count":1,"href":"https:\/\/eldiariodesanpedro.com.ar\/sitio\/wp-json\/wp\/v2\/posts\/143285\/revisions"}],"predecessor-version":[{"id":143287,"href":"https:\/\/eldiariodesanpedro.com.ar\/sitio\/wp-json\/wp\/v2\/posts\/143285\/revisions\/143287"}],"wp:featuredmedia":[{"embeddable":true,"href":"https:\/\/eldiariodesanpedro.com.ar\/sitio\/wp-json\/wp\/v2\/media\/143286"}],"wp:attachment":[{"href":"https:\/\/eldiariodesanpedro.com.ar\/sitio\/wp-json\/wp\/v2\/media?parent=143285"}],"wp:term":[{"taxonomy":"category","embeddable":true,"href":"https:\/\/eldiariodesanpedro.com.ar\/sitio\/wp-json\/wp\/v2\/categories?post=143285"},{"taxonomy":"post_tag","embeddable":true,"href":"https:\/\/eldiariodesanpedro.com.ar\/sitio\/wp-json\/wp\/v2\/tags?post=143285"}],"curies":[{"name":"wp","href":"https:\/\/api.w.org\/{rel}","templated":true}]}}