{"id":143276,"date":"2025-09-04T10:44:11","date_gmt":"2025-09-04T13:44:11","guid":{"rendered":"https:\/\/eldiariodesanpedro.com.ar\/sitio\/?p=143276"},"modified":"2026-01-24T00:47:27","modified_gmt":"2026-01-24T03:47:27","slug":"fallecio-evelyn-rodriguez-a-los-31-anos","status":"publish","type":"post","link":"https:\/\/eldiariodesanpedro.com.ar\/sitio\/fallecio-evelyn-rodriguez-a-los-31-anos\/","title":{"rendered":"Falleci\u00f3 Evelyn Rodr\u00edguez a los 31 a\u00f1os"},"content":{"rendered":"<!-- VideographyWP Plugin Message: Automatic video embedding prevented by plugin options. -->\n\n<p>Con profundo pesar se comunica el fallecimiento de <strong>Evelyn Rodr\u00edguez<\/strong>, quien contaba con <strong>31 a\u00f1os de edad<\/strong>. Sus restos son velados en la <strong>Sala N\u00b02 de COOPSER Servicios Sociales<\/strong>, ubicada en <strong>3 de Febrero 1475<\/strong>.<\/p>\n\n\n\n<p>El <strong>servicio velatorio<\/strong> se extender\u00e1 hasta las <strong>11:00 horas del jueves 4 de septiembre de 2025<\/strong>, momento en el que familiares, amigos y allegados podr\u00e1n acompa\u00f1ar a sus seres queridos en la despedida.<\/p>\n\n\n\n<p>La comunidad expresa sus condolencias y acompa\u00f1a a la familia en este dif\u00edcil momento.<\/p>\n\n\n\n<p>#Fallecimiento #Obituario #SanPedro #COOPSER #EvelynRodr\u00edguez<br><\/p>\n","protected":false},"excerpt":{"rendered":"<p>Con profundo pesar se comunica el fallecimiento de Evelyn Rodr\u00edguez, quien contaba con 31 a\u00f1os de edad. Sus restos son velados en la Sala N\u00b02 de COOPSER Servicios Sociales, ubicada en 3 de Febrero 1475. El servicio velatorio se extender\u00e1 hasta las 11:00 horas del jueves 4 de septiembre de 2025, momento en el que [&hellip;]<\/p>\n","protected":false},"author":4,"featured_media":113757,"comment_status":"closed","ping_status":"closed","sticky":false,"template":"","format":"standard","meta":{"om_disable_all_campaigns":false,"_jetpack_memberships_contains_paid_content":false,"footnotes":""},"categories":[8424],"tags":[5824,5822,5112,5823,5321],"class_list":["post-143276","post","type-post","status-publish","format-standard","has-post-thumbnail","hentry","category-necrologicas","tag-despedida-evelyn-rodriguez","tag-fallecimiento-evelyn-rodriguez","tag-obituario-san-pedro","tag-servicios-sociales-san-pedro","tag-velatorio-coopser"],"aioseo_notices":[],"gutentor_comment":0,"jetpack_featured_media_url":"https:\/\/eldiariodesanpedro.com.ar\/sitio\/wp-content\/uploads\/2023\/01\/necrologicas.jpg","jetpack_shortlink":"https:\/\/wp.me\/p6RhLt-BgU","jetpack_sharing_enabled":true,"_links":{"self":[{"href":"https:\/\/eldiariodesanpedro.com.ar\/sitio\/wp-json\/wp\/v2\/posts\/143276","targetHints":{"allow":["GET"]}}],"collection":[{"href":"https:\/\/eldiariodesanpedro.com.ar\/sitio\/wp-json\/wp\/v2\/posts"}],"about":[{"href":"https:\/\/eldiariodesanpedro.com.ar\/sitio\/wp-json\/wp\/v2\/types\/post"}],"author":[{"embeddable":true,"href":"https:\/\/eldiariodesanpedro.com.ar\/sitio\/wp-json\/wp\/v2\/users\/4"}],"replies":[{"embeddable":true,"href":"https:\/\/eldiariodesanpedro.com.ar\/sitio\/wp-json\/wp\/v2\/comments?post=143276"}],"version-history":[{"count":1,"href":"https:\/\/eldiariodesanpedro.com.ar\/sitio\/wp-json\/wp\/v2\/posts\/143276\/revisions"}],"predecessor-version":[{"id":143277,"href":"https:\/\/eldiariodesanpedro.com.ar\/sitio\/wp-json\/wp\/v2\/posts\/143276\/revisions\/143277"}],"wp:featuredmedia":[{"embeddable":true,"href":"https:\/\/eldiariodesanpedro.com.ar\/sitio\/wp-json\/wp\/v2\/media\/113757"}],"wp:attachment":[{"href":"https:\/\/eldiariodesanpedro.com.ar\/sitio\/wp-json\/wp\/v2\/media?parent=143276"}],"wp:term":[{"taxonomy":"category","embeddable":true,"href":"https:\/\/eldiariodesanpedro.com.ar\/sitio\/wp-json\/wp\/v2\/categories?post=143276"},{"taxonomy":"post_tag","embeddable":true,"href":"https:\/\/eldiariodesanpedro.com.ar\/sitio\/wp-json\/wp\/v2\/tags?post=143276"}],"curies":[{"name":"wp","href":"https:\/\/api.w.org\/{rel}","templated":true}]}}