{"id":143251,"date":"2025-09-02T16:08:50","date_gmt":"2025-09-02T19:08:50","guid":{"rendered":"https:\/\/eldiariodesanpedro.com.ar\/sitio\/?p=143251"},"modified":"2025-09-02T16:08:55","modified_gmt":"2025-09-02T19:08:55","slug":"san-pedro-decreto-asueto-administrativo-por-la-festividad-de-la-virgen-del-socorro","status":"publish","type":"post","link":"https:\/\/eldiariodesanpedro.com.ar\/sitio\/san-pedro-decreto-asueto-administrativo-por-la-festividad-de-la-virgen-del-socorro\/","title":{"rendered":"San Pedro decret\u00f3 asueto administrativo por la festividad de la Virgen del Socorro"},"content":{"rendered":"<!-- VideographyWP Plugin Message: Automatic video embedding prevented by plugin options. -->\n\n<p>La <strong>Municipalidad de San Pedro<\/strong>, provincia de Buenos Aires, inform\u00f3 que el pr\u00f3ximo <strong>lunes 8 de septiembre<\/strong> ser\u00e1 <strong>d\u00eda no laborable<\/strong> en el distrito, en conmemoraci\u00f3n de la <strong>Virgen Nuestra Se\u00f1ora del Socorro<\/strong>, patrona de la localidad. La medida fue oficializada a trav\u00e9s del <strong>decreto 0793\/2025<\/strong>.<\/p>\n\n\n\n<p>Seg\u00fan lo establecido, el asueto alcanzar\u00e1 a la <strong>Administraci\u00f3n P\u00fablica Municipal<\/strong> y a las <strong>Instituciones Provinciales<\/strong>, que no prestar\u00e1n servicios durante la jornada. En tanto, para la <strong>industria, el comercio y las restantes actividades<\/strong>, el feriado ser\u00e1 <strong>optativo<\/strong>.<\/p>\n\n\n\n<p>El decreto aclara que, como ocurre en este tipo de celebraciones, se mantendr\u00e1n las <strong>guardias en los servicios esenciales<\/strong> que brinda el municipio, con el fin de <strong>garantizar la atenci\u00f3n a los ciudadanos<\/strong>.<\/p>\n\n\n\n<p>#SanPedro #Feriado #VirgenDelSocorro #Municipalidad #BuenosAires<\/p>\n","protected":false},"excerpt":{"rendered":"<p>La Municipalidad de San Pedro, provincia de Buenos Aires, inform\u00f3 que el pr\u00f3ximo lunes 8 de septiembre ser\u00e1 d\u00eda no laborable en el distrito, en conmemoraci\u00f3n de la Virgen Nuestra Se\u00f1ora del Socorro, patrona de la localidad. La medida fue oficializada a trav\u00e9s del decreto 0793\/2025. Seg\u00fan lo establecido, el asueto alcanzar\u00e1 a la Administraci\u00f3n [&hellip;]<\/p>\n","protected":false},"author":4,"featured_media":59271,"comment_status":"closed","ping_status":"closed","sticky":false,"template":"","format":"standard","meta":{"om_disable_all_campaigns":false,"_jetpack_memberships_contains_paid_content":false,"footnotes":""},"categories":[50,101,2],"tags":[5792,5793,5795,5791,5794],"class_list":["post-143251","post","type-post","status-publish","format-standard","has-post-thumbnail","hentry","category-destacadas","category-interes-general-locales","category-locales","tag-asueto-administrativo-san-pedro","tag-decreto-0793-2025","tag-feriado-8-de-septiembre-buenos-aires","tag-san-pedro-feriado","tag-virgen-del-socorro-san-pedro"],"aioseo_notices":[],"gutentor_comment":0,"jetpack_featured_media_url":"https:\/\/eldiariodesanpedro.com.ar\/sitio\/wp-content\/uploads\/2019\/09\/Iglesia-Socorro.jpg","jetpack_shortlink":"https:\/\/wp.me\/p6RhLt-Bgv","jetpack_sharing_enabled":true,"_links":{"self":[{"href":"https:\/\/eldiariodesanpedro.com.ar\/sitio\/wp-json\/wp\/v2\/posts\/143251","targetHints":{"allow":["GET"]}}],"collection":[{"href":"https:\/\/eldiariodesanpedro.com.ar\/sitio\/wp-json\/wp\/v2\/posts"}],"about":[{"href":"https:\/\/eldiariodesanpedro.com.ar\/sitio\/wp-json\/wp\/v2\/types\/post"}],"author":[{"embeddable":true,"href":"https:\/\/eldiariodesanpedro.com.ar\/sitio\/wp-json\/wp\/v2\/users\/4"}],"replies":[{"embeddable":true,"href":"https:\/\/eldiariodesanpedro.com.ar\/sitio\/wp-json\/wp\/v2\/comments?post=143251"}],"version-history":[{"count":1,"href":"https:\/\/eldiariodesanpedro.com.ar\/sitio\/wp-json\/wp\/v2\/posts\/143251\/revisions"}],"predecessor-version":[{"id":143252,"href":"https:\/\/eldiariodesanpedro.com.ar\/sitio\/wp-json\/wp\/v2\/posts\/143251\/revisions\/143252"}],"wp:featuredmedia":[{"embeddable":true,"href":"https:\/\/eldiariodesanpedro.com.ar\/sitio\/wp-json\/wp\/v2\/media\/59271"}],"wp:attachment":[{"href":"https:\/\/eldiariodesanpedro.com.ar\/sitio\/wp-json\/wp\/v2\/media?parent=143251"}],"wp:term":[{"taxonomy":"category","embeddable":true,"href":"https:\/\/eldiariodesanpedro.com.ar\/sitio\/wp-json\/wp\/v2\/categories?post=143251"},{"taxonomy":"post_tag","embeddable":true,"href":"https:\/\/eldiariodesanpedro.com.ar\/sitio\/wp-json\/wp\/v2\/tags?post=143251"}],"curies":[{"name":"wp","href":"https:\/\/api.w.org\/{rel}","templated":true}]}}