{"id":143214,"date":"2025-09-01T12:09:54","date_gmt":"2025-09-01T15:09:54","guid":{"rendered":"https:\/\/eldiariodesanpedro.com.ar\/sitio\/?p=143214"},"modified":"2025-09-01T12:09:59","modified_gmt":"2025-09-01T15:09:59","slug":"candela-basaldua-se-consagro-campeona-provincial-u20-de-200-metros-llanos","status":"publish","type":"post","link":"https:\/\/eldiariodesanpedro.com.ar\/sitio\/candela-basaldua-se-consagro-campeona-provincial-u20-de-200-metros-llanos\/","title":{"rendered":"Candela Basald\u00faa se consagr\u00f3 campeona provincial U20 de 200 metros llanos"},"content":{"rendered":"<!-- VideographyWP Plugin Message: Automatic video embedding prevented by plugin options. -->\n\n<p>Los representantes de la <strong>Escuela Municipal de Atletismo de San Pedro<\/strong> tuvieron una <strong>destacada participaci\u00f3n<\/strong> en el <strong>Campeonato Provincial U20<\/strong>, disputado este fin de semana en <strong>Mar del Plata<\/strong>.<\/p>\n\n\n\n<p>La atleta <strong>Candela Basald\u00faa<\/strong> se consagr\u00f3 <strong>campeona en los 400 metros con vallas<\/strong>, demostrando un gran nivel competitivo. Adem\u00e1s, obtuvo el <strong>tercer puesto en los 200 metros llanos<\/strong>, con un tiempo de <strong>25\u201d83<\/strong>, que signific\u00f3 su <strong>mejor marca personal hasta la fecha<\/strong>.<\/p>\n\n\n\n<p>Por su parte, <strong>Aaron Mindurry<\/strong> compiti\u00f3 en tres pruebas, mejorando sus registros en cada una. En los <strong>110 metros con vallas<\/strong>, logr\u00f3 un tiempo de <strong>16\u201d96<\/strong>, alcanzando el <strong>cuarto puesto<\/strong>. En los <strong>100 metros llanos<\/strong>, se ubic\u00f3 <strong>12\u00b0 entre 39 competidores<\/strong> con un registro de <strong>11\u201d98<\/strong>, superando su mejor marca. Finalmente, en los <strong>400 metros con vallas<\/strong>, estableci\u00f3 un nuevo r\u00e9cord personal con <strong>1\u201901\u201d25<\/strong>, quedando en la <strong>quinta posici\u00f3n<\/strong>.<\/p>\n\n\n\n<p>Este desempe\u00f1o refleja el <strong>crecimiento y proyecci\u00f3n de los j\u00f3venes atletas sampedrinos<\/strong>, quienes contin\u00faan consolid\u00e1ndose en el \u00e1mbito provincial.<\/p>\n\n\n\n<p>Atletismo #SanPedro #Deporte #JuegosProvinciales #MarDelPlata #EscuelaMunicipal #AtletismoJuvenil<\/p>\n\n\n\n<figure class=\"wp-block-image size-large\"><img decoding=\"async\" width=\"1024\" height=\"576\" data-attachment-id=\"143216\" data-permalink=\"https:\/\/eldiariodesanpedro.com.ar\/sitio\/candela-basaldua-se-consagro-campeona-provincial-u20-de-200-metros-llanos\/540421346_18328155916237828_5392706929324418522_n\/\" data-orig-file=\"https:\/\/eldiariodesanpedro.com.ar\/sitio\/wp-content\/uploads\/2025\/09\/540421346_18328155916237828_5392706929324418522_n.jpg\" data-orig-size=\"1080,607\" data-comments-opened=\"0\" data-image-meta=\"{&quot;aperture&quot;:&quot;0&quot;,&quot;credit&quot;:&quot;&quot;,&quot;camera&quot;:&quot;&quot;,&quot;caption&quot;:&quot;&quot;,&quot;created_timestamp&quot;:&quot;0&quot;,&quot;copyright&quot;:&quot;&quot;,&quot;focal_length&quot;:&quot;0&quot;,&quot;iso&quot;:&quot;0&quot;,&quot;shutter_speed&quot;:&quot;0&quot;,&quot;title&quot;:&quot;&quot;,&quot;orientation&quot;:&quot;0&quot;}\" data-image-title=\"540421346_18328155916237828_5392706929324418522_n\" data-image-description=\"\" data-image-caption=\"\" data-large-file=\"https:\/\/eldiariodesanpedro.com.ar\/sitio\/wp-content\/uploads\/2025\/09\/540421346_18328155916237828_5392706929324418522_n-1024x576.jpg\" data-src=\"https:\/\/eldiariodesanpedro.com.ar\/sitio\/wp-content\/uploads\/2025\/09\/540421346_18328155916237828_5392706929324418522_n-1024x576.jpg\" alt=\"\" class=\"wp-image-143216 lazyload\" data-srcset=\"https:\/\/eldiariodesanpedro.com.ar\/sitio\/wp-content\/uploads\/2025\/09\/540421346_18328155916237828_5392706929324418522_n-1024x576.jpg 1024w, https:\/\/eldiariodesanpedro.com.ar\/sitio\/wp-content\/uploads\/2025\/09\/540421346_18328155916237828_5392706929324418522_n-300x169.jpg 300w, https:\/\/eldiariodesanpedro.com.ar\/sitio\/wp-content\/uploads\/2025\/09\/540421346_18328155916237828_5392706929324418522_n-768x432.jpg 768w, https:\/\/eldiariodesanpedro.com.ar\/sitio\/wp-content\/uploads\/2025\/09\/540421346_18328155916237828_5392706929324418522_n.jpg 1080w\" data-sizes=\"(max-width: 1024px) 100vw, 1024px\" src=\"data:image\/svg+xml;base64,PHN2ZyB3aWR0aD0iMSIgaGVpZ2h0PSIxIiB4bWxucz0iaHR0cDovL3d3dy53My5vcmcvMjAwMC9zdmciPjwvc3ZnPg==\" style=\"--smush-placeholder-width: 1024px; --smush-placeholder-aspect-ratio: 1024\/576;\" \/><\/figure>\n","protected":false},"excerpt":{"rendered":"<p>Los representantes de la Escuela Municipal de Atletismo de San Pedro tuvieron una destacada participaci\u00f3n en el Campeonato Provincial U20, disputado este fin de semana en Mar del Plata. La atleta Candela Basald\u00faa se consagr\u00f3 campeona en los 400 metros con vallas, demostrando un gran nivel competitivo. Adem\u00e1s, obtuvo el tercer puesto en los 200 [&hellip;]<\/p>\n","protected":false},"author":4,"featured_media":143215,"comment_status":"closed","ping_status":"closed","sticky":false,"template":"","format":"standard","meta":{"om_disable_all_campaigns":false,"_jetpack_memberships_contains_paid_content":false,"footnotes":""},"categories":[50,101,2],"tags":[5765,5763,5766,5764,5769,5768,5767],"class_list":["post-143214","post","type-post","status-publish","format-standard","has-post-thumbnail","hentry","category-destacadas","category-interes-general-locales","category-locales","tag-aaron-mindurry","tag-atletismo-san-pedro","tag-campeonato-provincial-u20","tag-candela-basaldua","tag-deporte-municipal-san-pedro","tag-jovenes-atletas-san-pedro","tag-mar-del-plata-atletismo"],"aioseo_notices":[],"gutentor_comment":0,"jetpack_featured_media_url":"https:\/\/eldiariodesanpedro.com.ar\/sitio\/wp-content\/uploads\/2025\/09\/Candela-Basaldua-3.jpg","jetpack_shortlink":"https:\/\/wp.me\/p6RhLt-BfU","jetpack_sharing_enabled":true,"_links":{"self":[{"href":"https:\/\/eldiariodesanpedro.com.ar\/sitio\/wp-json\/wp\/v2\/posts\/143214","targetHints":{"allow":["GET"]}}],"collection":[{"href":"https:\/\/eldiariodesanpedro.com.ar\/sitio\/wp-json\/wp\/v2\/posts"}],"about":[{"href":"https:\/\/eldiariodesanpedro.com.ar\/sitio\/wp-json\/wp\/v2\/types\/post"}],"author":[{"embeddable":true,"href":"https:\/\/eldiariodesanpedro.com.ar\/sitio\/wp-json\/wp\/v2\/users\/4"}],"replies":[{"embeddable":true,"href":"https:\/\/eldiariodesanpedro.com.ar\/sitio\/wp-json\/wp\/v2\/comments?post=143214"}],"version-history":[{"count":1,"href":"https:\/\/eldiariodesanpedro.com.ar\/sitio\/wp-json\/wp\/v2\/posts\/143214\/revisions"}],"predecessor-version":[{"id":143217,"href":"https:\/\/eldiariodesanpedro.com.ar\/sitio\/wp-json\/wp\/v2\/posts\/143214\/revisions\/143217"}],"wp:featuredmedia":[{"embeddable":true,"href":"https:\/\/eldiariodesanpedro.com.ar\/sitio\/wp-json\/wp\/v2\/media\/143215"}],"wp:attachment":[{"href":"https:\/\/eldiariodesanpedro.com.ar\/sitio\/wp-json\/wp\/v2\/media?parent=143214"}],"wp:term":[{"taxonomy":"category","embeddable":true,"href":"https:\/\/eldiariodesanpedro.com.ar\/sitio\/wp-json\/wp\/v2\/categories?post=143214"},{"taxonomy":"post_tag","embeddable":true,"href":"https:\/\/eldiariodesanpedro.com.ar\/sitio\/wp-json\/wp\/v2\/tags?post=143214"}],"curies":[{"name":"wp","href":"https:\/\/api.w.org\/{rel}","templated":true}]}}