{"id":14318,"date":"2017-02-08T17:05:39","date_gmt":"2017-02-08T20:05:39","guid":{"rendered":"https:\/\/eldiariodesanpedro.com.ar\/sitio\/?p=14318"},"modified":"2017-02-08T17:05:39","modified_gmt":"2017-02-08T20:05:39","slug":"cine-y-musica-en-la-plaza-belgrano","status":"publish","type":"post","link":"https:\/\/eldiariodesanpedro.com.ar\/sitio\/cine-y-musica-en-la-plaza-belgrano\/","title":{"rendered":"Cine y m\u00fasica en la Plaza Belgrano"},"content":{"rendered":"<p><!-- VideographyWP Plugin Message: Automatic video embedding prevented by plugin options. --><br \/>\nLa Direcci\u00f3n de Cultura que dirige Mar\u00eda Jos\u00e9 Mora informa que tanto el ciclo Cine bajo las Estrellas como el escenario abierto se trasladan a la Plaza Belgrano.<\/p>\n<p>El s\u00e1bado desde las 21.00 proyectar\u00e1n \u201cEl Gato Desaparece\u201d de Carlos Sor\u00edan est\u00e1 interpretado por Luis Luque y Beatriz Spelzini.<\/p>\n<p>En tanto, el domingo tendr\u00e1 lugar el escenario abierto. Desde las 19.00 ser\u00e1n de la partida: Furson, Neandertalis de Garage y Extra\u00f1o ser.<\/p>\n<div class=\"jetpack-video-wrapper\"><span class=\"embed-youtube\" style=\"text-align:center; display: block;\"><iframe class=\"youtube-player lazyload\" width=\"640\" height=\"360\" data-src=\"https:\/\/www.youtube.com\/embed\/BhcptzlZ71s?version=3&#038;rel=1&#038;showsearch=0&#038;showinfo=1&#038;iv_load_policy=1&#038;fs=1&#038;hl=es-ES&#038;autohide=2&#038;wmode=transparent\" allowfullscreen=\"true\" style=\"border:0;\" sandbox=\"allow-scripts allow-same-origin allow-popups allow-presentation allow-popups-to-escape-sandbox\" src=\"data:image\/svg+xml;base64,PHN2ZyB3aWR0aD0iMSIgaGVpZ2h0PSIxIiB4bWxucz0iaHR0cDovL3d3dy53My5vcmcvMjAwMC9zdmciPjwvc3ZnPg==\" data-load-mode=\"1\"><\/iframe><\/span><\/div>\n","protected":false},"excerpt":{"rendered":"<p>La Direcci\u00f3n de Cultura que dirige Mar\u00eda Jos\u00e9 Mora informa que tanto el ciclo Cine bajo las Estrellas como el escenario abierto se trasladan a la Plaza Belgrano. El s\u00e1bado desde las 21.00 proyectar\u00e1n \u201cEl Gato Desaparece\u201d de Carlos Sor\u00edan est\u00e1 interpretado por Luis Luque y Beatriz Spelzini. En tanto, el domingo tendr\u00e1 lugar el [&hellip;]<\/p>\n","protected":false},"author":4,"featured_media":14319,"comment_status":"open","ping_status":"closed","sticky":false,"template":"","format":"standard","meta":{"om_disable_all_campaigns":false,"_jetpack_memberships_contains_paid_content":false,"footnotes":""},"categories":[101,2],"tags":[],"class_list":["post-14318","post","type-post","status-publish","format-standard","has-post-thumbnail","hentry","category-interes-general-locales","category-locales"],"aioseo_notices":[],"gutentor_comment":0,"jetpack_featured_media_url":"https:\/\/eldiariodesanpedro.com.ar\/sitio\/wp-content\/uploads\/2017\/02\/El-gato-desaparece.png","jetpack_shortlink":"https:\/\/wp.me\/p6RhLt-3IW","jetpack_sharing_enabled":true,"_links":{"self":[{"href":"https:\/\/eldiariodesanpedro.com.ar\/sitio\/wp-json\/wp\/v2\/posts\/14318","targetHints":{"allow":["GET"]}}],"collection":[{"href":"https:\/\/eldiariodesanpedro.com.ar\/sitio\/wp-json\/wp\/v2\/posts"}],"about":[{"href":"https:\/\/eldiariodesanpedro.com.ar\/sitio\/wp-json\/wp\/v2\/types\/post"}],"author":[{"embeddable":true,"href":"https:\/\/eldiariodesanpedro.com.ar\/sitio\/wp-json\/wp\/v2\/users\/4"}],"replies":[{"embeddable":true,"href":"https:\/\/eldiariodesanpedro.com.ar\/sitio\/wp-json\/wp\/v2\/comments?post=14318"}],"version-history":[{"count":1,"href":"https:\/\/eldiariodesanpedro.com.ar\/sitio\/wp-json\/wp\/v2\/posts\/14318\/revisions"}],"predecessor-version":[{"id":14320,"href":"https:\/\/eldiariodesanpedro.com.ar\/sitio\/wp-json\/wp\/v2\/posts\/14318\/revisions\/14320"}],"wp:featuredmedia":[{"embeddable":true,"href":"https:\/\/eldiariodesanpedro.com.ar\/sitio\/wp-json\/wp\/v2\/media\/14319"}],"wp:attachment":[{"href":"https:\/\/eldiariodesanpedro.com.ar\/sitio\/wp-json\/wp\/v2\/media?parent=14318"}],"wp:term":[{"taxonomy":"category","embeddable":true,"href":"https:\/\/eldiariodesanpedro.com.ar\/sitio\/wp-json\/wp\/v2\/categories?post=14318"},{"taxonomy":"post_tag","embeddable":true,"href":"https:\/\/eldiariodesanpedro.com.ar\/sitio\/wp-json\/wp\/v2\/tags?post=14318"}],"curies":[{"name":"wp","href":"https:\/\/api.w.org\/{rel}","templated":true}]}}