{"id":14315,"date":"2017-02-08T13:06:53","date_gmt":"2017-02-08T16:06:53","guid":{"rendered":"https:\/\/eldiariodesanpedro.com.ar\/sitio\/?p=14315"},"modified":"2017-02-08T13:06:53","modified_gmt":"2017-02-08T16:06:53","slug":"bomberos-apago-el-incendio-de-un-renault-12","status":"publish","type":"post","link":"https:\/\/eldiariodesanpedro.com.ar\/sitio\/bomberos-apago-el-incendio-de-un-renault-12\/","title":{"rendered":"Bomberos apago el incendio de un renault 12"},"content":{"rendered":"<p><!-- VideographyWP Plugin Message: Automatic video embedding prevented by plugin options. --><br \/>\nEn el d\u00eda de hoy personal policial de la seccional local conjuntamente con personal de bomberos voluntarios se hizo presente en calle Las Provincias 485, donde se encontraba incendi\u00e1ndose un veh\u00edculo marca Renault 12 de color verde.<\/p>\n<p>Se solicito la presencia de bomberos de San Nic\u00f3las a fines de realizar pericias y determinar si el siniestro fue intencional o no. En este hecho no hubo personas que resultaran heridas e intervino la UFI N\u00ba 7 de San Pedro.<\/p>\n","protected":false},"excerpt":{"rendered":"<p>En el d\u00eda de hoy personal policial de la seccional local conjuntamente con personal de bomberos voluntarios se hizo presente en calle Las Provincias 485, donde se encontraba incendi\u00e1ndose un veh\u00edculo marca Renault 12 de color verde. Se solicito la presencia de bomberos de San Nic\u00f3las a fines de realizar pericias y determinar si el [&hellip;]<\/p>\n","protected":false},"author":4,"featured_media":8966,"comment_status":"open","ping_status":"closed","sticky":false,"template":"","format":"standard","meta":{"om_disable_all_campaigns":false,"_jetpack_memberships_contains_paid_content":false,"footnotes":""},"categories":[2,103],"tags":[],"class_list":["post-14315","post","type-post","status-publish","format-standard","has-post-thumbnail","hentry","category-locales","category-policiales-locales"],"aioseo_notices":[],"gutentor_comment":0,"jetpack_featured_media_url":"https:\/\/eldiariodesanpedro.com.ar\/sitio\/wp-content\/uploads\/2016\/10\/bomberos.jpg","jetpack_shortlink":"https:\/\/wp.me\/p6RhLt-3IT","jetpack_sharing_enabled":true,"_links":{"self":[{"href":"https:\/\/eldiariodesanpedro.com.ar\/sitio\/wp-json\/wp\/v2\/posts\/14315","targetHints":{"allow":["GET"]}}],"collection":[{"href":"https:\/\/eldiariodesanpedro.com.ar\/sitio\/wp-json\/wp\/v2\/posts"}],"about":[{"href":"https:\/\/eldiariodesanpedro.com.ar\/sitio\/wp-json\/wp\/v2\/types\/post"}],"author":[{"embeddable":true,"href":"https:\/\/eldiariodesanpedro.com.ar\/sitio\/wp-json\/wp\/v2\/users\/4"}],"replies":[{"embeddable":true,"href":"https:\/\/eldiariodesanpedro.com.ar\/sitio\/wp-json\/wp\/v2\/comments?post=14315"}],"version-history":[{"count":1,"href":"https:\/\/eldiariodesanpedro.com.ar\/sitio\/wp-json\/wp\/v2\/posts\/14315\/revisions"}],"predecessor-version":[{"id":14316,"href":"https:\/\/eldiariodesanpedro.com.ar\/sitio\/wp-json\/wp\/v2\/posts\/14315\/revisions\/14316"}],"wp:featuredmedia":[{"embeddable":true,"href":"https:\/\/eldiariodesanpedro.com.ar\/sitio\/wp-json\/wp\/v2\/media\/8966"}],"wp:attachment":[{"href":"https:\/\/eldiariodesanpedro.com.ar\/sitio\/wp-json\/wp\/v2\/media?parent=14315"}],"wp:term":[{"taxonomy":"category","embeddable":true,"href":"https:\/\/eldiariodesanpedro.com.ar\/sitio\/wp-json\/wp\/v2\/categories?post=14315"},{"taxonomy":"post_tag","embeddable":true,"href":"https:\/\/eldiariodesanpedro.com.ar\/sitio\/wp-json\/wp\/v2\/tags?post=14315"}],"curies":[{"name":"wp","href":"https:\/\/api.w.org\/{rel}","templated":true}]}}