{"id":143137,"date":"2025-08-29T10:41:22","date_gmt":"2025-08-29T13:41:22","guid":{"rendered":"https:\/\/eldiariodesanpedro.com.ar\/sitio\/?p=143137"},"modified":"2025-08-29T10:48:20","modified_gmt":"2025-08-29T13:48:20","slug":"edicto-de-suarez-fernando-oscar-c-otero-jose-roman-martin-y-otros-s-prescripcion-adquisitiva-vicenal","status":"publish","type":"post","link":"https:\/\/eldiariodesanpedro.com.ar\/sitio\/edicto-de-suarez-fernando-oscar-c-otero-jose-roman-martin-y-otros-s-prescripcion-adquisitiva-vicenal\/","title":{"rendered":"Edicto de Suarez, Fernando Oscar C\/Otero, Jos\u00e9 Rom\u00e1n Mart\u00edn Y Otros S\/ Prescripci\u00f3n Adquisitiva Vicenal"},"content":{"rendered":"<!-- VideographyWP Plugin Message: Automatic video embedding prevented by plugin options. -->\n\n<p>El Juzgado de Primera Instancia en lo Civil y Comercial N\u00ba 2 del Departamento Judicial de San Nicol\u00e1s, en autos caratulados \u201c<strong>Suarez, Fernando Oscar C\/Otero, Jos\u00e9 Rom\u00e1n Mart\u00edn Y Otros S\/ Prescripci\u00f3n Adquisitiva Vicena<\/strong>l\u201d, Expte. 13176-2018, cita a los herederos o presuntos herederos de los Sras. Ena N\u00e9lida OTERO y Rita Ang\u00e9lica OTERO para que comparezcan a estar a derecho y a contestar la demanda en el plazo de diez d\u00edas (proceso sumario) bajo apercibimiento de nombrar al Sr. Defensor de Pobres y Ausentes en turno para que los represente y defienda. San Nicol\u00e1s, 04 de junio de 2025.<\/p>\n\n\n\n<p>VELASCO NESTOR CARLOS<br>AUXILIAR LETRADO<\/p>\n\n\n\n<p>(Publicaci\u00f3n v\u00e1lida para el d\u00eda 28 y 29 de agosto de 2025)<br><a href=\"https:\/\/notificaciones.scba.gov.ar\/interfazbootstrap\/textonotificacion.aspx?CodNotif=SJ97FH9R\">https:\/\/notificaciones.scba.gov.ar\/interfazbootstrap\/textonotificacion.aspx?CodNotif=SJ97FH9R<\/a>&nbsp;<\/p>\n","protected":false},"excerpt":{"rendered":"<p>El Juzgado de Primera Instancia en lo Civil y Comercial N\u00ba 2 del Departamento Judicial de San Nicol\u00e1s, en autos caratulados \u201cSuarez, Fernando Oscar C\/Otero, Jos\u00e9 Rom\u00e1n Mart\u00edn Y Otros S\/ Prescripci\u00f3n Adquisitiva Vicenal\u201d, Expte. 13176-2018, cita a los herederos o presuntos herederos de los Sras. Ena N\u00e9lida OTERO y Rita Ang\u00e9lica OTERO para que [&hellip;]<\/p>\n","protected":false},"author":4,"featured_media":102746,"comment_status":"closed","ping_status":"closed","sticky":false,"template":"","format":"standard","meta":{"om_disable_all_campaigns":false,"_jetpack_memberships_contains_paid_content":false,"footnotes":""},"categories":[676,1124],"tags":[5684,5683],"class_list":["post-143137","post","type-post","status-publish","format-standard","has-post-thumbnail","hentry","category-edictos","category-edictos-especiales","tag-fernando-oscar","tag-suarez"],"aioseo_notices":[],"gutentor_comment":0,"jetpack_featured_media_url":"https:\/\/eldiariodesanpedro.com.ar\/sitio\/wp-content\/uploads\/2022\/01\/EDICTO.jpg","jetpack_shortlink":"https:\/\/wp.me\/p6RhLt-BeF","jetpack_sharing_enabled":true,"_links":{"self":[{"href":"https:\/\/eldiariodesanpedro.com.ar\/sitio\/wp-json\/wp\/v2\/posts\/143137","targetHints":{"allow":["GET"]}}],"collection":[{"href":"https:\/\/eldiariodesanpedro.com.ar\/sitio\/wp-json\/wp\/v2\/posts"}],"about":[{"href":"https:\/\/eldiariodesanpedro.com.ar\/sitio\/wp-json\/wp\/v2\/types\/post"}],"author":[{"embeddable":true,"href":"https:\/\/eldiariodesanpedro.com.ar\/sitio\/wp-json\/wp\/v2\/users\/4"}],"replies":[{"embeddable":true,"href":"https:\/\/eldiariodesanpedro.com.ar\/sitio\/wp-json\/wp\/v2\/comments?post=143137"}],"version-history":[{"count":1,"href":"https:\/\/eldiariodesanpedro.com.ar\/sitio\/wp-json\/wp\/v2\/posts\/143137\/revisions"}],"predecessor-version":[{"id":143138,"href":"https:\/\/eldiariodesanpedro.com.ar\/sitio\/wp-json\/wp\/v2\/posts\/143137\/revisions\/143138"}],"wp:featuredmedia":[{"embeddable":true,"href":"https:\/\/eldiariodesanpedro.com.ar\/sitio\/wp-json\/wp\/v2\/media\/102746"}],"wp:attachment":[{"href":"https:\/\/eldiariodesanpedro.com.ar\/sitio\/wp-json\/wp\/v2\/media?parent=143137"}],"wp:term":[{"taxonomy":"category","embeddable":true,"href":"https:\/\/eldiariodesanpedro.com.ar\/sitio\/wp-json\/wp\/v2\/categories?post=143137"},{"taxonomy":"post_tag","embeddable":true,"href":"https:\/\/eldiariodesanpedro.com.ar\/sitio\/wp-json\/wp\/v2\/tags?post=143137"}],"curies":[{"name":"wp","href":"https:\/\/api.w.org\/{rel}","templated":true}]}}