{"id":143090,"date":"2025-08-27T20:20:50","date_gmt":"2025-08-27T23:20:50","guid":{"rendered":"https:\/\/eldiariodesanpedro.com.ar\/sitio\/?p=143090"},"modified":"2025-08-27T20:20:53","modified_gmt":"2025-08-27T23:20:53","slug":"grave-accidente-entre-moto-y-camioneta-dejo-a-un-joven-en-terapia-intensiva","status":"publish","type":"post","link":"https:\/\/eldiariodesanpedro.com.ar\/sitio\/grave-accidente-entre-moto-y-camioneta-dejo-a-un-joven-en-terapia-intensiva\/","title":{"rendered":"Grave accidente entre moto y camioneta dej\u00f3 a un joven en terapia intensiva"},"content":{"rendered":"<!-- VideographyWP Plugin Message: Automatic video embedding prevented by plugin options. -->\n\n<p>Un <strong>joven motociclista<\/strong> result\u00f3 con <strong>graves heridas<\/strong> tras un fuerte accidente ocurrido en la <strong>intersecci\u00f3n de avenida 3 de Febrero y Don Segundo Sombra<\/strong>, cerca del mediod\u00eda del lunes.<\/p>\n\n\n\n<p>Seg\u00fan informaron, por <strong>motivos que a\u00fan se investigan<\/strong>, la <strong>moto y una camioneta colisionaron<\/strong>, siendo el conductor del rodado menor quien llev\u00f3 la peor parte.<\/p>\n\n\n\n<p>El <strong>herido fue asistido por personal de emergencias<\/strong> y trasladado al <strong>Hospital local<\/strong>, donde se confirm\u00f3 que presentaba <strong>lesiones en la zona cervical<\/strong>, a pesar de llevar puesto el casco de seguridad.<\/p>\n\n\n\n<p>Actualmente, el joven permanece en la <strong>unidad de terapia intensiva<\/strong>, mientras los m\u00e9dicos eval\u00faan su <strong>derivaci\u00f3n a un centro de mayor complejidad<\/strong> para continuar con la atenci\u00f3n.<\/p>\n\n\n\n<p>AccidenteVial #MotociclistaHerido #ChoqueEnSanPedro #Emergencias #HospitalLocal #LesionesCervicales #NoticiasSanPedro #AccidenteMotoCamioneta #TerapiaIntensiva #SeguridadVial<\/p>\n","protected":false},"excerpt":{"rendered":"<p>Un joven motociclista result\u00f3 con graves heridas tras un fuerte accidente ocurrido en la intersecci\u00f3n de avenida 3 de Febrero y Don Segundo Sombra, cerca del mediod\u00eda del lunes. Seg\u00fan informaron, por motivos que a\u00fan se investigan, la moto y una camioneta colisionaron, siendo el conductor del rodado menor quien llev\u00f3 la peor parte. El [&hellip;]<\/p>\n","protected":false},"author":4,"featured_media":62910,"comment_status":"closed","ping_status":"closed","sticky":false,"template":"","format":"standard","meta":{"om_disable_all_campaigns":false,"_jetpack_memberships_contains_paid_content":false,"footnotes":""},"categories":[2,103],"tags":[],"class_list":["post-143090","post","type-post","status-publish","format-standard","has-post-thumbnail","hentry","category-locales","category-policiales-locales"],"aioseo_notices":[],"gutentor_comment":0,"jetpack_featured_media_url":"https:\/\/eldiariodesanpedro.com.ar\/sitio\/wp-content\/uploads\/2019\/10\/guardia-2-940x528_0.jpg","jetpack_shortlink":"https:\/\/wp.me\/p6RhLt-BdU","jetpack_sharing_enabled":true,"_links":{"self":[{"href":"https:\/\/eldiariodesanpedro.com.ar\/sitio\/wp-json\/wp\/v2\/posts\/143090","targetHints":{"allow":["GET"]}}],"collection":[{"href":"https:\/\/eldiariodesanpedro.com.ar\/sitio\/wp-json\/wp\/v2\/posts"}],"about":[{"href":"https:\/\/eldiariodesanpedro.com.ar\/sitio\/wp-json\/wp\/v2\/types\/post"}],"author":[{"embeddable":true,"href":"https:\/\/eldiariodesanpedro.com.ar\/sitio\/wp-json\/wp\/v2\/users\/4"}],"replies":[{"embeddable":true,"href":"https:\/\/eldiariodesanpedro.com.ar\/sitio\/wp-json\/wp\/v2\/comments?post=143090"}],"version-history":[{"count":1,"href":"https:\/\/eldiariodesanpedro.com.ar\/sitio\/wp-json\/wp\/v2\/posts\/143090\/revisions"}],"predecessor-version":[{"id":143091,"href":"https:\/\/eldiariodesanpedro.com.ar\/sitio\/wp-json\/wp\/v2\/posts\/143090\/revisions\/143091"}],"wp:featuredmedia":[{"embeddable":true,"href":"https:\/\/eldiariodesanpedro.com.ar\/sitio\/wp-json\/wp\/v2\/media\/62910"}],"wp:attachment":[{"href":"https:\/\/eldiariodesanpedro.com.ar\/sitio\/wp-json\/wp\/v2\/media?parent=143090"}],"wp:term":[{"taxonomy":"category","embeddable":true,"href":"https:\/\/eldiariodesanpedro.com.ar\/sitio\/wp-json\/wp\/v2\/categories?post=143090"},{"taxonomy":"post_tag","embeddable":true,"href":"https:\/\/eldiariodesanpedro.com.ar\/sitio\/wp-json\/wp\/v2\/tags?post=143090"}],"curies":[{"name":"wp","href":"https:\/\/api.w.org\/{rel}","templated":true}]}}