{"id":14304,"date":"2017-02-08T12:28:20","date_gmt":"2017-02-08T15:28:20","guid":{"rendered":"https:\/\/eldiariodesanpedro.com.ar\/sitio\/?p=14304"},"modified":"2017-02-08T12:28:20","modified_gmt":"2017-02-08T15:28:20","slug":"aprehenden-a-un-sujeto-en-santa-lucia","status":"publish","type":"post","link":"https:\/\/eldiariodesanpedro.com.ar\/sitio\/aprehenden-a-un-sujeto-en-santa-lucia\/","title":{"rendered":"Aprehenden a un sujeto en Santa Lucia"},"content":{"rendered":"<p><!-- VideographyWP Plugin Message: Automatic video embedding prevented by plugin options. --><br \/>\nPersonal policial del destacamento de Santa Lucia en el d\u00eda de hoy procedi\u00f3 a la aprehensi\u00f3n de un joven de 21 a\u00f1os de edad, quien al momento de su identificaci\u00f3n portaba una cuchilla en sus manos con la cual realizaba ademanes.<\/p>\n<p>Esta persona fue trasladada a la dependencia policial y secuestrado sus elementos, se labraron actuaciones contravencionales con intervencion del Juzgado de Paz de San Pedro. <\/p>\n","protected":false},"excerpt":{"rendered":"<p>Personal policial del destacamento de Santa Lucia en el d\u00eda de hoy procedi\u00f3 a la aprehensi\u00f3n de un joven de 21 a\u00f1os de edad, quien al momento de su identificaci\u00f3n portaba una cuchilla en sus manos con la cual realizaba ademanes. Esta persona fue trasladada a la dependencia policial y secuestrado sus elementos, se labraron [&hellip;]<\/p>\n","protected":false},"author":4,"featured_media":1378,"comment_status":"open","ping_status":"closed","sticky":false,"template":"","format":"standard","meta":{"om_disable_all_campaigns":false,"_jetpack_memberships_contains_paid_content":false,"footnotes":""},"categories":[2,103],"tags":[],"class_list":["post-14304","post","type-post","status-publish","format-standard","has-post-thumbnail","hentry","category-locales","category-policiales-locales"],"aioseo_notices":[],"gutentor_comment":0,"jetpack_featured_media_url":"https:\/\/eldiariodesanpedro.com.ar\/sitio\/wp-content\/uploads\/2015\/12\/detenido-esposado-620x413.jpg","jetpack_shortlink":"https:\/\/wp.me\/p6RhLt-3II","jetpack_sharing_enabled":true,"_links":{"self":[{"href":"https:\/\/eldiariodesanpedro.com.ar\/sitio\/wp-json\/wp\/v2\/posts\/14304","targetHints":{"allow":["GET"]}}],"collection":[{"href":"https:\/\/eldiariodesanpedro.com.ar\/sitio\/wp-json\/wp\/v2\/posts"}],"about":[{"href":"https:\/\/eldiariodesanpedro.com.ar\/sitio\/wp-json\/wp\/v2\/types\/post"}],"author":[{"embeddable":true,"href":"https:\/\/eldiariodesanpedro.com.ar\/sitio\/wp-json\/wp\/v2\/users\/4"}],"replies":[{"embeddable":true,"href":"https:\/\/eldiariodesanpedro.com.ar\/sitio\/wp-json\/wp\/v2\/comments?post=14304"}],"version-history":[{"count":1,"href":"https:\/\/eldiariodesanpedro.com.ar\/sitio\/wp-json\/wp\/v2\/posts\/14304\/revisions"}],"predecessor-version":[{"id":14305,"href":"https:\/\/eldiariodesanpedro.com.ar\/sitio\/wp-json\/wp\/v2\/posts\/14304\/revisions\/14305"}],"wp:featuredmedia":[{"embeddable":true,"href":"https:\/\/eldiariodesanpedro.com.ar\/sitio\/wp-json\/wp\/v2\/media\/1378"}],"wp:attachment":[{"href":"https:\/\/eldiariodesanpedro.com.ar\/sitio\/wp-json\/wp\/v2\/media?parent=14304"}],"wp:term":[{"taxonomy":"category","embeddable":true,"href":"https:\/\/eldiariodesanpedro.com.ar\/sitio\/wp-json\/wp\/v2\/categories?post=14304"},{"taxonomy":"post_tag","embeddable":true,"href":"https:\/\/eldiariodesanpedro.com.ar\/sitio\/wp-json\/wp\/v2\/tags?post=14304"}],"curies":[{"name":"wp","href":"https:\/\/api.w.org\/{rel}","templated":true}]}}