{"id":14287,"date":"2017-02-08T10:59:31","date_gmt":"2017-02-08T13:59:31","guid":{"rendered":"https:\/\/eldiariodesanpedro.com.ar\/sitio\/?p=14287"},"modified":"2017-02-08T10:59:31","modified_gmt":"2017-02-08T13:59:31","slug":"un-detenido-con-pedido-de-captura-2","status":"publish","type":"post","link":"https:\/\/eldiariodesanpedro.com.ar\/sitio\/un-detenido-con-pedido-de-captura-2\/","title":{"rendered":"Un detenido con pedido de captura"},"content":{"rendered":"<p><!-- VideographyWP Plugin Message: Automatic video embedding prevented by plugin options. --><br \/>\nEn el d\u00eda de ayer personal policial en calle Belgrano entre General Pueyrredon y Balcarce se procedi\u00f3 a la identificaci\u00f3n de un joven de 20 a\u00f1os, logr\u00e1ndose establecer que el mismo presentaba pedidos de paradero activo por el delito de robo y tenencia de arma de fuego ilegal, solicitado por el juzgado de garant\u00eda N\u00ba1 del Departamento Judicial de San Nicolas, procediendo a su aprehensi\u00f3n y traslado a la seccional policial.<\/p>\n","protected":false},"excerpt":{"rendered":"<p>En el d\u00eda de ayer personal policial en calle Belgrano entre General Pueyrredon y Balcarce se procedi\u00f3 a la identificaci\u00f3n de un joven de 20 a\u00f1os, logr\u00e1ndose establecer que el mismo presentaba pedidos de paradero activo por el delito de robo y tenencia de arma de fuego ilegal, solicitado por el juzgado de garant\u00eda N\u00ba1 [&hellip;]<\/p>\n","protected":false},"author":4,"featured_media":13373,"comment_status":"open","ping_status":"closed","sticky":false,"template":"","format":"standard","meta":{"om_disable_all_campaigns":false,"_jetpack_memberships_contains_paid_content":false,"footnotes":""},"categories":[2,103],"tags":[],"class_list":["post-14287","post","type-post","status-publish","format-standard","has-post-thumbnail","hentry","category-locales","category-policiales-locales"],"aioseo_notices":[],"gutentor_comment":0,"jetpack_featured_media_url":"https:\/\/eldiariodesanpedro.com.ar\/sitio\/wp-content\/uploads\/2017\/01\/patrulla-5-e1485286136348.jpg","jetpack_shortlink":"https:\/\/wp.me\/p6RhLt-3Ir","jetpack_sharing_enabled":true,"_links":{"self":[{"href":"https:\/\/eldiariodesanpedro.com.ar\/sitio\/wp-json\/wp\/v2\/posts\/14287","targetHints":{"allow":["GET"]}}],"collection":[{"href":"https:\/\/eldiariodesanpedro.com.ar\/sitio\/wp-json\/wp\/v2\/posts"}],"about":[{"href":"https:\/\/eldiariodesanpedro.com.ar\/sitio\/wp-json\/wp\/v2\/types\/post"}],"author":[{"embeddable":true,"href":"https:\/\/eldiariodesanpedro.com.ar\/sitio\/wp-json\/wp\/v2\/users\/4"}],"replies":[{"embeddable":true,"href":"https:\/\/eldiariodesanpedro.com.ar\/sitio\/wp-json\/wp\/v2\/comments?post=14287"}],"version-history":[{"count":1,"href":"https:\/\/eldiariodesanpedro.com.ar\/sitio\/wp-json\/wp\/v2\/posts\/14287\/revisions"}],"predecessor-version":[{"id":14288,"href":"https:\/\/eldiariodesanpedro.com.ar\/sitio\/wp-json\/wp\/v2\/posts\/14287\/revisions\/14288"}],"wp:featuredmedia":[{"embeddable":true,"href":"https:\/\/eldiariodesanpedro.com.ar\/sitio\/wp-json\/wp\/v2\/media\/13373"}],"wp:attachment":[{"href":"https:\/\/eldiariodesanpedro.com.ar\/sitio\/wp-json\/wp\/v2\/media?parent=14287"}],"wp:term":[{"taxonomy":"category","embeddable":true,"href":"https:\/\/eldiariodesanpedro.com.ar\/sitio\/wp-json\/wp\/v2\/categories?post=14287"},{"taxonomy":"post_tag","embeddable":true,"href":"https:\/\/eldiariodesanpedro.com.ar\/sitio\/wp-json\/wp\/v2\/tags?post=14287"}],"curies":[{"name":"wp","href":"https:\/\/api.w.org\/{rel}","templated":true}]}}