{"id":14271,"date":"2017-02-07T21:17:42","date_gmt":"2017-02-08T00:17:42","guid":{"rendered":"https:\/\/eldiariodesanpedro.com.ar\/sitio\/?p=14271"},"modified":"2017-02-07T21:17:42","modified_gmt":"2017-02-08T00:17:42","slug":"balearon-el-auto-de-la-ex-gobernadora-de-tierra-del-fuego","status":"publish","type":"post","link":"https:\/\/eldiariodesanpedro.com.ar\/sitio\/balearon-el-auto-de-la-ex-gobernadora-de-tierra-del-fuego\/","title":{"rendered":"Balearon el auto de la ex-gobernadora de Tierra del Fuego"},"content":{"rendered":"<p><!-- VideographyWP Plugin Message: Automatic video embedding prevented by plugin options. --><br \/>\n(NA) &#8211; La ex-gobernadora de Tierra del Fuego Fabiana R\u00edos revel\u00f3 que desconocidos dispararon contra su auto cuando circulaba por un camino rural de la provincia de Santa Fe y denunci\u00f3 inacci\u00f3n por parte de la Polic\u00eda.<\/p>\n<p>   En su cuenta de Facebook, R\u00edos cont\u00f3 que el \u00faltimo s\u00e1bado viaj\u00f3 a la ciudad de Rosario y desde all\u00ed se traslad\u00f3 al cementerio El Prado, en la localidad de P\u00e9rez, para despedir a la abuela de sus hijas, que hab\u00eda fallecido el d\u00eda anterior.<\/p>\n<p>   La ex-mandataria fueguina cont\u00f3 que cuando sali\u00f3 del cementerio junto a sus hijas de 27 y 24 a\u00f1os, el GPS del tel\u00e9fono las condujo a \u00abuna ruta rural, en el medio de una zona con muy pocas viviendas\u00bb y luego de cruzar el pueblo \u00abla ruta empez\u00f3 a ser de tierra, hab\u00eda llovido\u00bb y finalmente \u00abel auto se atasc\u00f3 . <\/p>\n<p>   \u00abIntentamos sacarlo y cuando est\u00e1bamos empuj\u00e1ndolo, sentimos un disparo, luego otro. Mi hija mayor lanz\u00f3 un grito y dijo, me lastimaron la pierna!!!!\u00bb, escribi\u00f3 la exgobernadora y continu\u00f3: \u00abEst\u00e1bamos paralizadas. Vimos la herida y efectivamente, un proyectil hab\u00eda rozado la pierna de mi hija, no le produjo nada m\u00e1s que un rasgu\u00f1o, pero la situaci\u00f3n era angustiante\u00bb.<\/p>\n<p>   Tras subrayar que la tres se encontraban solas en medio de la ruta, R\u00edos relat\u00f3 que empez\u00f3 a \u00abllamar desesperadamente al 911 a las 13:34\u00bb pero \u00abnunca\u00bb le contestaron y luego intent\u00f3 comunicarse con la Comisar\u00eda de P\u00e9rez, pero no tuvo mejor suerte.<\/p>\n<p>   \u00abCuarenta minutos despu\u00e9s, mientras segu\u00eda lloviendo me contestan en una comisar\u00eda, le describo donde me encuentro y lo que hab\u00eda sucedido y me responden que  eso  quedaba lejos, que ten\u00eda que llamar a la sub 18 o que llamara al 911\u00bb, se\u00f1al\u00f3.<\/p>\n<p>   La ex-gobernadora calific\u00f3 la situaci\u00f3n como \u00abbizarra\u00bb y se\u00f1al\u00f3 que en medio de los intentos por comunicarse con la Polic\u00eda avis\u00f3 a sus familiares y finalmente lleg\u00f3 el padre de sus hijas junto a otra persona, con quienes consiguieron sacar el auto.<\/p>\n<p>   \u00abCuando est\u00e1bamos saliendo a la autopista, A las 14:27, casi una hora despu\u00e9s del primer llamado, se comunicaron del 911, le hab\u00edan notificado de la comisar\u00eda (a la que hab\u00eda pasado las coordenadas de ubicaci\u00f3n) para que le dijera d\u00f3nde est\u00e1bamos, as\u00ed mandaban un m\u00f3vil\u00bb, continu\u00f3.<\/p>\n<p>   Luego de contar esto, R\u00edos admiti\u00f3 que \u00abel tono y los t\u00e9rminos\u00bb de su respuesta a ese llamado \u00abson irreproducibles\u00bb e ironiz\u00f3: \u00abAnte una emergencia quiz\u00e1s un topless es m\u00e1s efectivo para la concurrencia policial que tres mujeres solas en una ruta , tratando de denunciar dos disparos de desconocidos\u00bb.<\/p>\n","protected":false},"excerpt":{"rendered":"<p>(NA) &#8211; La ex-gobernadora de Tierra del Fuego Fabiana R\u00edos revel\u00f3 que desconocidos dispararon contra su auto cuando circulaba por un camino rural de la provincia de Santa Fe y denunci\u00f3 inacci\u00f3n por parte de la Polic\u00eda. En su cuenta de Facebook, R\u00edos cont\u00f3 que el \u00faltimo s\u00e1bado viaj\u00f3 a la ciudad de Rosario y [&hellip;]<\/p>\n","protected":false},"author":4,"featured_media":14272,"comment_status":"open","ping_status":"closed","sticky":false,"template":"","format":"standard","meta":{"om_disable_all_campaigns":false,"_jetpack_memberships_contains_paid_content":false,"footnotes":""},"categories":[3],"tags":[],"class_list":["post-14271","post","type-post","status-publish","format-standard","has-post-thumbnail","hentry","category-nacionales"],"aioseo_notices":[],"gutentor_comment":0,"jetpack_featured_media_url":"https:\/\/eldiariodesanpedro.com.ar\/sitio\/wp-content\/uploads\/2017\/02\/baleada.jpg","jetpack_shortlink":"https:\/\/wp.me\/p6RhLt-3Ib","jetpack_sharing_enabled":true,"_links":{"self":[{"href":"https:\/\/eldiariodesanpedro.com.ar\/sitio\/wp-json\/wp\/v2\/posts\/14271","targetHints":{"allow":["GET"]}}],"collection":[{"href":"https:\/\/eldiariodesanpedro.com.ar\/sitio\/wp-json\/wp\/v2\/posts"}],"about":[{"href":"https:\/\/eldiariodesanpedro.com.ar\/sitio\/wp-json\/wp\/v2\/types\/post"}],"author":[{"embeddable":true,"href":"https:\/\/eldiariodesanpedro.com.ar\/sitio\/wp-json\/wp\/v2\/users\/4"}],"replies":[{"embeddable":true,"href":"https:\/\/eldiariodesanpedro.com.ar\/sitio\/wp-json\/wp\/v2\/comments?post=14271"}],"version-history":[{"count":1,"href":"https:\/\/eldiariodesanpedro.com.ar\/sitio\/wp-json\/wp\/v2\/posts\/14271\/revisions"}],"predecessor-version":[{"id":14273,"href":"https:\/\/eldiariodesanpedro.com.ar\/sitio\/wp-json\/wp\/v2\/posts\/14271\/revisions\/14273"}],"wp:featuredmedia":[{"embeddable":true,"href":"https:\/\/eldiariodesanpedro.com.ar\/sitio\/wp-json\/wp\/v2\/media\/14272"}],"wp:attachment":[{"href":"https:\/\/eldiariodesanpedro.com.ar\/sitio\/wp-json\/wp\/v2\/media?parent=14271"}],"wp:term":[{"taxonomy":"category","embeddable":true,"href":"https:\/\/eldiariodesanpedro.com.ar\/sitio\/wp-json\/wp\/v2\/categories?post=14271"},{"taxonomy":"post_tag","embeddable":true,"href":"https:\/\/eldiariodesanpedro.com.ar\/sitio\/wp-json\/wp\/v2\/tags?post=14271"}],"curies":[{"name":"wp","href":"https:\/\/api.w.org\/{rel}","templated":true}]}}