{"id":142610,"date":"2025-08-11T09:24:43","date_gmt":"2025-08-11T12:24:43","guid":{"rendered":"https:\/\/eldiariodesanpedro.com.ar\/sitio\/?p=142610"},"modified":"2026-01-24T00:47:29","modified_gmt":"2026-01-24T03:47:29","slug":"fallecio-carlos-roberto-curra-a-los-79-anos","status":"publish","type":"post","link":"https:\/\/eldiariodesanpedro.com.ar\/sitio\/fallecio-carlos-roberto-curra-a-los-79-anos\/","title":{"rendered":"Falleci\u00f3 Carlos Roberto Curra a los 79 a\u00f1os"},"content":{"rendered":"<!-- VideographyWP Plugin Message: Automatic video embedding prevented by plugin options. -->\n\n<p>En las \u00faltimas horas se inform\u00f3 el fallecimiento de <strong>Carlos Roberto Curra<\/strong>, quien ten\u00eda <strong>79 a\u00f1os<\/strong>. Sus restos son velados en la <strong>Sala Velatoria N\u00b0 2<\/strong>, ubicada en <strong>3 de Febrero 1475, San Pedro<\/strong>, bajo la organizaci\u00f3n de <strong>COOPSER Servicios Sociales<\/strong>.<\/p>\n\n\n\n<p>El servicio se extender\u00e1 <strong>hasta las 15:00 horas del lunes 11 de agosto de 2025<\/strong>, momento en el que se realizar\u00e1 la despedida final junto a familiares y allegados.<\/p>\n\n\n\n<p><strong>#Fallecimiento #SanPedro #CarlosRobertoCurra #Obituario #COOPSER #ServiciosSociales #Velatorio #Despedida #NoticiaSanPedro<\/strong><\/p>\n","protected":false},"excerpt":{"rendered":"<p>En las \u00faltimas horas se inform\u00f3 el fallecimiento de Carlos Roberto Curra, quien ten\u00eda 79 a\u00f1os. Sus restos son velados en la Sala Velatoria N\u00b0 2, ubicada en 3 de Febrero 1475, San Pedro, bajo la organizaci\u00f3n de COOPSER Servicios Sociales. El servicio se extender\u00e1 hasta las 15:00 horas del lunes 11 de agosto de [&hellip;]<\/p>\n","protected":false},"author":4,"featured_media":113757,"comment_status":"closed","ping_status":"closed","sticky":false,"template":"","format":"standard","meta":{"om_disable_all_campaigns":false,"_jetpack_memberships_contains_paid_content":false,"footnotes":""},"categories":[8424],"tags":[5113,5433,5434,5112,5111],"class_list":["post-142610","post","type-post","status-publish","format-standard","has-post-thumbnail","hentry","category-necrologicas","tag-coopser-servicios-sociales","tag-fallecimiento-carlos-roberto-curra","tag-noticias-luto-san-pedro","tag-obituario-san-pedro","tag-velatorio-san-pedro"],"aioseo_notices":[],"gutentor_comment":0,"jetpack_featured_media_url":"https:\/\/eldiariodesanpedro.com.ar\/sitio\/wp-content\/uploads\/2023\/01\/necrologicas.jpg","jetpack_shortlink":"https:\/\/wp.me\/p6RhLt-B6a","jetpack_sharing_enabled":true,"_links":{"self":[{"href":"https:\/\/eldiariodesanpedro.com.ar\/sitio\/wp-json\/wp\/v2\/posts\/142610","targetHints":{"allow":["GET"]}}],"collection":[{"href":"https:\/\/eldiariodesanpedro.com.ar\/sitio\/wp-json\/wp\/v2\/posts"}],"about":[{"href":"https:\/\/eldiariodesanpedro.com.ar\/sitio\/wp-json\/wp\/v2\/types\/post"}],"author":[{"embeddable":true,"href":"https:\/\/eldiariodesanpedro.com.ar\/sitio\/wp-json\/wp\/v2\/users\/4"}],"replies":[{"embeddable":true,"href":"https:\/\/eldiariodesanpedro.com.ar\/sitio\/wp-json\/wp\/v2\/comments?post=142610"}],"version-history":[{"count":1,"href":"https:\/\/eldiariodesanpedro.com.ar\/sitio\/wp-json\/wp\/v2\/posts\/142610\/revisions"}],"predecessor-version":[{"id":142611,"href":"https:\/\/eldiariodesanpedro.com.ar\/sitio\/wp-json\/wp\/v2\/posts\/142610\/revisions\/142611"}],"wp:featuredmedia":[{"embeddable":true,"href":"https:\/\/eldiariodesanpedro.com.ar\/sitio\/wp-json\/wp\/v2\/media\/113757"}],"wp:attachment":[{"href":"https:\/\/eldiariodesanpedro.com.ar\/sitio\/wp-json\/wp\/v2\/media?parent=142610"}],"wp:term":[{"taxonomy":"category","embeddable":true,"href":"https:\/\/eldiariodesanpedro.com.ar\/sitio\/wp-json\/wp\/v2\/categories?post=142610"},{"taxonomy":"post_tag","embeddable":true,"href":"https:\/\/eldiariodesanpedro.com.ar\/sitio\/wp-json\/wp\/v2\/tags?post=142610"}],"curies":[{"name":"wp","href":"https:\/\/api.w.org\/{rel}","templated":true}]}}