{"id":142601,"date":"2025-08-09T13:15:21","date_gmt":"2025-08-09T16:15:21","guid":{"rendered":"https:\/\/eldiariodesanpedro.com.ar\/sitio\/?p=142601"},"modified":"2025-08-09T13:15:25","modified_gmt":"2025-08-09T16:15:25","slug":"hombre-aprehendido-tras-intento-de-robo-en-comercio","status":"publish","type":"post","link":"https:\/\/eldiariodesanpedro.com.ar\/sitio\/hombre-aprehendido-tras-intento-de-robo-en-comercio\/","title":{"rendered":"Hombre aprehendido tras intento de robo en comercio"},"content":{"rendered":"<!-- VideographyWP Plugin Message: Automatic video embedding prevented by plugin options. -->\n\n<p>En el d\u00eda de la fecha, <strong>personal policial<\/strong> acudi\u00f3, tras un llamado al <strong>911<\/strong>, a la intersecci\u00f3n de <strong>calle Nieto de Torres y Hermano Indio<\/strong>, donde una <strong>mujer de 46 a\u00f1os<\/strong>, propietaria de un comercio, reten\u00eda en la v\u00eda p\u00fablica a un <strong>hombre de 36 a\u00f1os<\/strong> junto a su pareja.<\/p>\n\n\n\n<p>Momentos antes, el individuo hab\u00eda intentado <strong>sustraer una tarima<\/strong> que se encontraba como <strong>medida de seguridad<\/strong> en el port\u00f3n del negocio identificado como <strong>Raz\u00f3n Social ESCOSOSA<\/strong>. Ante la situaci\u00f3n, los efectivos procedieron a la <strong>aprehensi\u00f3n<\/strong> y <strong>traslado<\/strong> del acusado, quien qued\u00f3 <strong>a disposici\u00f3n de la justicia<\/strong>.<\/p>\n\n\n\n<p><strong>#Policiales #SanPedro #RoboEnComercio #IntentoDeRobo #Seguridad #NoticiasSanPedro #Actualidad<\/strong><\/p>\n","protected":false},"excerpt":{"rendered":"<p>En el d\u00eda de la fecha, personal policial acudi\u00f3, tras un llamado al 911, a la intersecci\u00f3n de calle Nieto de Torres y Hermano Indio, donde una mujer de 46 a\u00f1os, propietaria de un comercio, reten\u00eda en la v\u00eda p\u00fablica a un hombre de 36 a\u00f1os junto a su pareja. Momentos antes, el individuo hab\u00eda [&hellip;]<\/p>\n","protected":false},"author":4,"featured_media":142602,"comment_status":"closed","ping_status":"closed","sticky":false,"template":"","format":"standard","meta":{"om_disable_all_campaigns":false,"_jetpack_memberships_contains_paid_content":false,"footnotes":""},"categories":[2,103],"tags":[5420,5422,5421,5053,5424,5423],"class_list":["post-142601","post","type-post","status-publish","format-standard","has-post-thumbnail","hentry","category-locales","category-policiales-locales","tag-aprehension-en-comercio","tag-hombre-detenido","tag-intento-de-robo-san-pedro","tag-policia-san-pedro","tag-razon-social-escososa","tag-tarima-sustraida"],"aioseo_notices":[],"gutentor_comment":0,"jetpack_featured_media_url":"https:\/\/eldiariodesanpedro.com.ar\/sitio\/wp-content\/uploads\/2025\/08\/medida-1-2.jpg","jetpack_shortlink":"https:\/\/wp.me\/p6RhLt-B61","jetpack_sharing_enabled":true,"_links":{"self":[{"href":"https:\/\/eldiariodesanpedro.com.ar\/sitio\/wp-json\/wp\/v2\/posts\/142601","targetHints":{"allow":["GET"]}}],"collection":[{"href":"https:\/\/eldiariodesanpedro.com.ar\/sitio\/wp-json\/wp\/v2\/posts"}],"about":[{"href":"https:\/\/eldiariodesanpedro.com.ar\/sitio\/wp-json\/wp\/v2\/types\/post"}],"author":[{"embeddable":true,"href":"https:\/\/eldiariodesanpedro.com.ar\/sitio\/wp-json\/wp\/v2\/users\/4"}],"replies":[{"embeddable":true,"href":"https:\/\/eldiariodesanpedro.com.ar\/sitio\/wp-json\/wp\/v2\/comments?post=142601"}],"version-history":[{"count":1,"href":"https:\/\/eldiariodesanpedro.com.ar\/sitio\/wp-json\/wp\/v2\/posts\/142601\/revisions"}],"predecessor-version":[{"id":142603,"href":"https:\/\/eldiariodesanpedro.com.ar\/sitio\/wp-json\/wp\/v2\/posts\/142601\/revisions\/142603"}],"wp:featuredmedia":[{"embeddable":true,"href":"https:\/\/eldiariodesanpedro.com.ar\/sitio\/wp-json\/wp\/v2\/media\/142602"}],"wp:attachment":[{"href":"https:\/\/eldiariodesanpedro.com.ar\/sitio\/wp-json\/wp\/v2\/media?parent=142601"}],"wp:term":[{"taxonomy":"category","embeddable":true,"href":"https:\/\/eldiariodesanpedro.com.ar\/sitio\/wp-json\/wp\/v2\/categories?post=142601"},{"taxonomy":"post_tag","embeddable":true,"href":"https:\/\/eldiariodesanpedro.com.ar\/sitio\/wp-json\/wp\/v2\/tags?post=142601"}],"curies":[{"name":"wp","href":"https:\/\/api.w.org\/{rel}","templated":true}]}}