{"id":14257,"date":"2017-02-07T21:07:49","date_gmt":"2017-02-08T00:07:49","guid":{"rendered":"https:\/\/eldiariodesanpedro.com.ar\/sitio\/?p=14257"},"modified":"2026-01-23T23:20:22","modified_gmt":"2026-01-24T02:20:22","slug":"clausuran-un-centro-comercial-en-el-barrio-de-constitucion","status":"publish","type":"post","link":"https:\/\/eldiariodesanpedro.com.ar\/sitio\/clausuran-un-centro-comercial-en-el-barrio-de-constitucion\/","title":{"rendered":"Clausuran un centro comercial en el barrio de Constituci\u00f3n"},"content":{"rendered":"<p><!-- VideographyWP Plugin Message: Automatic video embedding prevented by plugin options. --><\/p>\n<p> (NA) &#8211; La Fiscal\u00eda de la Ciudad clausur\u00f3 judicialmente un centro comercial, en el barrio porte\u00f1o de Constituci\u00f3n, porque \u00abviolaban una clausura anterior impuesta por el Gobierno de la Ciudad\u00bb. <\/p>\n<p>   Seg\u00fan informaron fuentes oficiales, el Paseo la Estaci\u00f3n ubicado en las calles Salta, Brasil y Lima que qued\u00f3 clausurado, ya hab\u00eda sido cerrado en varias oportunidades por no tener habilitaci\u00f3n y adem\u00e1s, porque los administradores violaban la clausura infringiendo el art\u00edculo 73 del C\u00f3digo Contravencional.<\/p>\n<p>   La Fiscal\u00eda Penal Contravencional y de Faltas N\u00b0 29, a cargo del fiscal Mart\u00edn L\u00f3pez Zavaleta, est\u00e1 investigando la violaci\u00f3n de clausura del \u00abPaseo La Estaci\u00f3n\u00bb y la responsabilidad de Crizell SA, que es la firma que explota comercialmente el lugar, y la de su apoderada Ana Mar\u00eda Mart\u00ednez.<\/p>\n<p>   El fiscal L\u00f3pez Zavaleta pudo comprobar que el centro comercial se encontraba violando la clausura administrativa impuesta por la Direcci\u00f3n de Fiscalizaci\u00f3n y Control del Gobierno de la Ciudad debido a que el establecimiento no tiene habilitaci\u00f3n porque no posee plano contra incendio. <\/p>\n<p>   Adem\u00e1s, se detect\u00f3 que el Paseo tiene un estacionamiento que se encuentra sin habilitaci\u00f3n.<\/p>\n<p>   El operativo fue llevado a cabo por personal de la Polic\u00eda de la Ciudad que permanece en el lugar para asegurar que se respete la clausura judicial impuesta por la justicia.<\/p>\n","protected":false},"excerpt":{"rendered":"<p>(NA) &#8211; La Fiscal\u00eda de la Ciudad clausur\u00f3 judicialmente un centro comercial, en el barrio porte\u00f1o de Constituci\u00f3n, porque \u00abviolaban una clausura anterior impuesta por el Gobierno de la Ciudad\u00bb. Seg\u00fan informaron fuentes oficiales, el Paseo la Estaci\u00f3n ubicado en las calles Salta, Brasil y Lima que qued\u00f3 clausurado, ya hab\u00eda sido cerrado en varias [&hellip;]<\/p>\n","protected":false},"author":4,"featured_media":14258,"comment_status":"open","ping_status":"closed","sticky":false,"template":"","format":"standard","meta":{"om_disable_all_campaigns":false,"_jetpack_memberships_contains_paid_content":false,"footnotes":""},"categories":[3],"tags":[],"class_list":["post-14257","post","type-post","status-publish","format-standard","has-post-thumbnail","hentry","category-nacionales"],"aioseo_notices":[],"gutentor_comment":0,"jetpack_featured_media_url":"https:\/\/eldiariodesanpedro.com.ar\/sitio\/wp-content\/uploads\/2017\/02\/clausura.jpg","jetpack_shortlink":"https:\/\/wp.me\/p6RhLt-3HX","jetpack_sharing_enabled":true,"_links":{"self":[{"href":"https:\/\/eldiariodesanpedro.com.ar\/sitio\/wp-json\/wp\/v2\/posts\/14257","targetHints":{"allow":["GET"]}}],"collection":[{"href":"https:\/\/eldiariodesanpedro.com.ar\/sitio\/wp-json\/wp\/v2\/posts"}],"about":[{"href":"https:\/\/eldiariodesanpedro.com.ar\/sitio\/wp-json\/wp\/v2\/types\/post"}],"author":[{"embeddable":true,"href":"https:\/\/eldiariodesanpedro.com.ar\/sitio\/wp-json\/wp\/v2\/users\/4"}],"replies":[{"embeddable":true,"href":"https:\/\/eldiariodesanpedro.com.ar\/sitio\/wp-json\/wp\/v2\/comments?post=14257"}],"version-history":[{"count":1,"href":"https:\/\/eldiariodesanpedro.com.ar\/sitio\/wp-json\/wp\/v2\/posts\/14257\/revisions"}],"predecessor-version":[{"id":14259,"href":"https:\/\/eldiariodesanpedro.com.ar\/sitio\/wp-json\/wp\/v2\/posts\/14257\/revisions\/14259"}],"wp:featuredmedia":[{"embeddable":true,"href":"https:\/\/eldiariodesanpedro.com.ar\/sitio\/wp-json\/wp\/v2\/media\/14258"}],"wp:attachment":[{"href":"https:\/\/eldiariodesanpedro.com.ar\/sitio\/wp-json\/wp\/v2\/media?parent=14257"}],"wp:term":[{"taxonomy":"category","embeddable":true,"href":"https:\/\/eldiariodesanpedro.com.ar\/sitio\/wp-json\/wp\/v2\/categories?post=14257"},{"taxonomy":"post_tag","embeddable":true,"href":"https:\/\/eldiariodesanpedro.com.ar\/sitio\/wp-json\/wp\/v2\/tags?post=14257"}],"curies":[{"name":"wp","href":"https:\/\/api.w.org\/{rel}","templated":true}]}}