{"id":142536,"date":"2025-08-07T17:47:20","date_gmt":"2025-08-07T20:47:20","guid":{"rendered":"https:\/\/eldiariodesanpedro.com.ar\/sitio\/?p=142536"},"modified":"2025-08-07T17:47:24","modified_gmt":"2025-08-07T20:47:24","slug":"san-pedro-sera-sede-del-campeonato-argentino-de-medio-fondo-2025-una-fiesta-del-canotaje-nacional-en-el-club-nautico","status":"publish","type":"post","link":"https:\/\/eldiariodesanpedro.com.ar\/sitio\/san-pedro-sera-sede-del-campeonato-argentino-de-medio-fondo-2025-una-fiesta-del-canotaje-nacional-en-el-club-nautico\/","title":{"rendered":"San Pedro ser\u00e1 sede del Campeonato Argentino de Medio Fondo 2025: una fiesta del canotaje nacional en el Club N\u00e1utico"},"content":{"rendered":"<!-- VideographyWP Plugin Message: Automatic video embedding prevented by plugin options. -->\n\n<p>En la <strong>botera \u201cGonzalo Carreras\u201d del Club N\u00e1utico San Pedro<\/strong>, se realiz\u00f3 la <strong>presentaci\u00f3n oficial del Campeonato Argentino de Medio Fondo 2025<\/strong>, que se disputar\u00e1 el <strong>fin de semana del 16 y 17 de agosto<\/strong> en las aguas de la instituci\u00f3n.<\/p>\n\n\n\n<p>Del acto participaron el <strong>comodoro del club, Dr. Mauricio Gugger<\/strong>, el <strong>entrenador y deportista Fernando Ortiz<\/strong>, el <strong>director de Deportes, Guillermo Vel\u00e1zquez<\/strong>, y los representantes de la <strong>Subcomisi\u00f3n de Canotaje<\/strong>, <strong>Juan Pablo Guti\u00e9rrez<\/strong> y <strong>Mart\u00edn Sosa<\/strong>.<\/p>\n\n\n\n<p>Durante el anuncio, se destac\u00f3 <strong>la importancia del regreso de esta competencia de alt\u00edsimo nivel<\/strong>, que forma parte del <strong>calendario oficial de la Federaci\u00f3n Argentina de Canoas (FAC)<\/strong>. El evento reunir\u00e1 a <strong>palistas de todo el pa\u00eds<\/strong> en las categor\u00edas <strong>cadetes, junior, senior, m\u00e1ster y promocionales<\/strong>, con embarcaciones <strong>C1, K1 y K2<\/strong>.<\/p>\n\n\n\n<p>El <strong>comodoro Mauricio Gugger<\/strong> resalt\u00f3 el <strong>esfuerzo sostenido de la Subcomisi\u00f3n de Canotaje<\/strong> y el <strong>compromiso del club con la organizaci\u00f3n de competencias de jerarqu\u00eda nacional e internacional<\/strong>. En ese sentido, subray\u00f3 que <strong>el deporte es una prioridad para la actual Comisi\u00f3n Directiva<\/strong>, en una instituci\u00f3n que combina <strong>trayectoria con proyecci\u00f3n<\/strong>, dando lugar a que <strong>nuevos talentos se desarrollen junto a figuras consagradas<\/strong>.<\/p>\n\n\n\n<p>Por su parte, <strong>Fernando Ortiz<\/strong> detall\u00f3 <strong>las caracter\u00edsticas t\u00e9cnicas de la competencia<\/strong>, que se desarrollar\u00e1 durante <strong>dos jornadas con gran despliegue log\u00edstico tanto en agua como en tierra<\/strong>. Desde la Subcomisi\u00f3n confirmaron adem\u00e1s que <strong>la competencia ser\u00e1 transmitida en vivo v\u00eda streaming<\/strong>, cuyos enlaces se difundir\u00e1n en las <strong>redes oficiales del club y del \u00e1rea de canotaje<\/strong>.<\/p>\n\n\n\n<p>De esta manera, <strong>San Pedro volver\u00e1 a ser escenario de un evento deportivo de primer nivel<\/strong>, y el <strong>Club N\u00e1utico San Pedro<\/strong>, con una destacada <strong>delegaci\u00f3n local<\/strong>, ser\u00e1 <strong>protagonista de una nueva celebraci\u00f3n del canotaje argentino<\/strong>.<\/p>\n\n\n\n<p><strong>#CampeonatoArgentinoMedioFondo #CanotajeSanPedro #ClubN\u00e1uticoSanPedro #DeportesSanPedro #CanotajeArgentina #CanoasFAC #TurismoDeportivo #SanPedro2025 #EventosDeportivos #StreamingCanotaje<\/strong><\/p>\n\n\n\n<figure class=\"wp-block-image size-large\"><img decoding=\"async\" width=\"1024\" height=\"536\" data-attachment-id=\"142538\" data-permalink=\"https:\/\/eldiariodesanpedro.com.ar\/sitio\/san-pedro-sera-sede-del-campeonato-argentino-de-medio-fondo-2025-una-fiesta-del-canotaje-nacional-en-el-club-nautico\/528726716_1321472436609749_5465018790857296661_n\/\" data-orig-file=\"https:\/\/eldiariodesanpedro.com.ar\/sitio\/wp-content\/uploads\/2025\/08\/528726716_1321472436609749_5465018790857296661_n.jpg\" data-orig-size=\"1200,628\" data-comments-opened=\"0\" data-image-meta=\"{&quot;aperture&quot;:&quot;0&quot;,&quot;credit&quot;:&quot;&quot;,&quot;camera&quot;:&quot;&quot;,&quot;caption&quot;:&quot;&quot;,&quot;created_timestamp&quot;:&quot;0&quot;,&quot;copyright&quot;:&quot;&quot;,&quot;focal_length&quot;:&quot;0&quot;,&quot;iso&quot;:&quot;0&quot;,&quot;shutter_speed&quot;:&quot;0&quot;,&quot;title&quot;:&quot;&quot;,&quot;orientation&quot;:&quot;0&quot;}\" data-image-title=\"528726716_1321472436609749_5465018790857296661_n\" data-image-description=\"\" data-image-caption=\"\" data-large-file=\"https:\/\/eldiariodesanpedro.com.ar\/sitio\/wp-content\/uploads\/2025\/08\/528726716_1321472436609749_5465018790857296661_n-1024x536.jpg\" data-src=\"https:\/\/eldiariodesanpedro.com.ar\/sitio\/wp-content\/uploads\/2025\/08\/528726716_1321472436609749_5465018790857296661_n-1024x536.jpg\" alt=\"\" class=\"wp-image-142538 lazyload\" data-srcset=\"https:\/\/eldiariodesanpedro.com.ar\/sitio\/wp-content\/uploads\/2025\/08\/528726716_1321472436609749_5465018790857296661_n-1024x536.jpg 1024w, https:\/\/eldiariodesanpedro.com.ar\/sitio\/wp-content\/uploads\/2025\/08\/528726716_1321472436609749_5465018790857296661_n-300x157.jpg 300w, https:\/\/eldiariodesanpedro.com.ar\/sitio\/wp-content\/uploads\/2025\/08\/528726716_1321472436609749_5465018790857296661_n-768x402.jpg 768w, https:\/\/eldiariodesanpedro.com.ar\/sitio\/wp-content\/uploads\/2025\/08\/528726716_1321472436609749_5465018790857296661_n.jpg 1200w\" data-sizes=\"(max-width: 1024px) 100vw, 1024px\" src=\"data:image\/svg+xml;base64,PHN2ZyB3aWR0aD0iMSIgaGVpZ2h0PSIxIiB4bWxucz0iaHR0cDovL3d3dy53My5vcmcvMjAwMC9zdmciPjwvc3ZnPg==\" style=\"--smush-placeholder-width: 1024px; --smush-placeholder-aspect-ratio: 1024\/536;\" \/><\/figure>\n","protected":false},"excerpt":{"rendered":"<p>En la botera \u201cGonzalo Carreras\u201d del Club N\u00e1utico San Pedro, se realiz\u00f3 la presentaci\u00f3n oficial del Campeonato Argentino de Medio Fondo 2025, que se disputar\u00e1 el fin de semana del 16 y 17 de agosto en las aguas de la instituci\u00f3n. Del acto participaron el comodoro del club, Dr. Mauricio Gugger, el entrenador y deportista [&hellip;]<\/p>\n","protected":false},"author":4,"featured_media":142537,"comment_status":"closed","ping_status":"closed","sticky":false,"template":"","format":"standard","meta":{"om_disable_all_campaigns":false,"_jetpack_memberships_contains_paid_content":false,"footnotes":""},"categories":[50,101,2],"tags":[5364,5366,5363,5254,5369,5365,5367,5368,5371,5370],"class_list":["post-142536","post","type-post","status-publish","format-standard","has-post-thumbnail","hentry","category-destacadas","category-interes-general-locales","category-locales","tag-campeonato-argentino-de-medio-fondo-2025","tag-canotaje","tag-club-nautico-san-pedro","tag-deportes-san-pedro","tag-evento-deportivo-nacional","tag-federacion-argentina-de-canoas","tag-fernando-ortiz","tag-mauricio-gugger","tag-medio-fondo-canotaje","tag-transmision-en-vivo-canotaje"],"aioseo_notices":[],"gutentor_comment":0,"jetpack_featured_media_url":"https:\/\/eldiariodesanpedro.com.ar\/sitio\/wp-content\/uploads\/2025\/08\/528562662_1321472379943088_8174424189601000112_n.jpg","jetpack_shortlink":"https:\/\/wp.me\/p6RhLt-B4Y","jetpack_sharing_enabled":true,"_links":{"self":[{"href":"https:\/\/eldiariodesanpedro.com.ar\/sitio\/wp-json\/wp\/v2\/posts\/142536","targetHints":{"allow":["GET"]}}],"collection":[{"href":"https:\/\/eldiariodesanpedro.com.ar\/sitio\/wp-json\/wp\/v2\/posts"}],"about":[{"href":"https:\/\/eldiariodesanpedro.com.ar\/sitio\/wp-json\/wp\/v2\/types\/post"}],"author":[{"embeddable":true,"href":"https:\/\/eldiariodesanpedro.com.ar\/sitio\/wp-json\/wp\/v2\/users\/4"}],"replies":[{"embeddable":true,"href":"https:\/\/eldiariodesanpedro.com.ar\/sitio\/wp-json\/wp\/v2\/comments?post=142536"}],"version-history":[{"count":1,"href":"https:\/\/eldiariodesanpedro.com.ar\/sitio\/wp-json\/wp\/v2\/posts\/142536\/revisions"}],"predecessor-version":[{"id":142539,"href":"https:\/\/eldiariodesanpedro.com.ar\/sitio\/wp-json\/wp\/v2\/posts\/142536\/revisions\/142539"}],"wp:featuredmedia":[{"embeddable":true,"href":"https:\/\/eldiariodesanpedro.com.ar\/sitio\/wp-json\/wp\/v2\/media\/142537"}],"wp:attachment":[{"href":"https:\/\/eldiariodesanpedro.com.ar\/sitio\/wp-json\/wp\/v2\/media?parent=142536"}],"wp:term":[{"taxonomy":"category","embeddable":true,"href":"https:\/\/eldiariodesanpedro.com.ar\/sitio\/wp-json\/wp\/v2\/categories?post=142536"},{"taxonomy":"post_tag","embeddable":true,"href":"https:\/\/eldiariodesanpedro.com.ar\/sitio\/wp-json\/wp\/v2\/tags?post=142536"}],"curies":[{"name":"wp","href":"https:\/\/api.w.org\/{rel}","templated":true}]}}