{"id":14248,"date":"2017-02-07T21:00:08","date_gmt":"2017-02-08T00:00:08","guid":{"rendered":"https:\/\/eldiariodesanpedro.com.ar\/sitio\/?p=14248"},"modified":"2026-01-24T00:31:05","modified_gmt":"2026-01-24T03:31:05","slug":"automovilismo-morro-iglesias-bien-en-la-tanda-clasificatoria","status":"publish","type":"post","link":"https:\/\/eldiariodesanpedro.com.ar\/sitio\/automovilismo-morro-iglesias-bien-en-la-tanda-clasificatoria\/","title":{"rendered":"AUTOMOVILISMO: Morro Iglesias bien en la tanda clasificatoria"},"content":{"rendered":"<p><!-- VideographyWP Plugin Message: Automatic video embedding prevented by plugin options. --><br \/>\nEl joven piloto sampedrino tuvo una muy buena jornada en la tanda clasificatoria del s\u00e1bado en Mar de Aj\u00f3 en la primera fecha del TCPM, pero luego no pudo repetir en la final, donde larg\u00f3 en la tercera fila y solo pudo recorrer tres vueltas.<\/p>\n<p>En la 1ra. tanda logr\u00f3 ubicarse noveno, luego en la 2da. fue sexto y en la 3ra. culmin\u00f3 quinto, ubic\u00e1ndose para la final en un puesto de vanguardia, logrando hacerlo en la tercera fila.<\/p>\n<p>Gan\u00f3 la competencia Germ\u00e1n Todino (Ford), segundo Eduardo Bracco  y tercero Diego Mart\u00ednez. La pr\u00f3xima ser\u00e1 el 26 del corriente en circuito a confirmar.<\/p>\n","protected":false},"excerpt":{"rendered":"<p>El joven piloto sampedrino tuvo una muy buena jornada en la tanda clasificatoria del s\u00e1bado en Mar de Aj\u00f3 en la primera fecha del TCPM, pero luego no pudo repetir en la final, donde larg\u00f3 en la tercera fila y solo pudo recorrer tres vueltas. En la 1ra. tanda logr\u00f3 ubicarse noveno, luego en la [&hellip;]<\/p>\n","protected":false},"author":4,"featured_media":14249,"comment_status":"open","ping_status":"closed","sticky":false,"template":"","format":"standard","meta":{"om_disable_all_campaigns":false,"_jetpack_memberships_contains_paid_content":false,"footnotes":""},"categories":[5],"tags":[],"class_list":["post-14248","post","type-post","status-publish","format-standard","has-post-thumbnail","hentry","category-deportes"],"aioseo_notices":[],"gutentor_comment":0,"jetpack_featured_media_url":"https:\/\/eldiariodesanpedro.com.ar\/sitio\/wp-content\/uploads\/2017\/02\/Morro-iglesias-sue\u00f1a-con-estar-bien-alto-en-2017.jpg","jetpack_shortlink":"https:\/\/wp.me\/p6RhLt-3HO","jetpack_sharing_enabled":true,"_links":{"self":[{"href":"https:\/\/eldiariodesanpedro.com.ar\/sitio\/wp-json\/wp\/v2\/posts\/14248","targetHints":{"allow":["GET"]}}],"collection":[{"href":"https:\/\/eldiariodesanpedro.com.ar\/sitio\/wp-json\/wp\/v2\/posts"}],"about":[{"href":"https:\/\/eldiariodesanpedro.com.ar\/sitio\/wp-json\/wp\/v2\/types\/post"}],"author":[{"embeddable":true,"href":"https:\/\/eldiariodesanpedro.com.ar\/sitio\/wp-json\/wp\/v2\/users\/4"}],"replies":[{"embeddable":true,"href":"https:\/\/eldiariodesanpedro.com.ar\/sitio\/wp-json\/wp\/v2\/comments?post=14248"}],"version-history":[{"count":1,"href":"https:\/\/eldiariodesanpedro.com.ar\/sitio\/wp-json\/wp\/v2\/posts\/14248\/revisions"}],"predecessor-version":[{"id":14250,"href":"https:\/\/eldiariodesanpedro.com.ar\/sitio\/wp-json\/wp\/v2\/posts\/14248\/revisions\/14250"}],"wp:featuredmedia":[{"embeddable":true,"href":"https:\/\/eldiariodesanpedro.com.ar\/sitio\/wp-json\/wp\/v2\/media\/14249"}],"wp:attachment":[{"href":"https:\/\/eldiariodesanpedro.com.ar\/sitio\/wp-json\/wp\/v2\/media?parent=14248"}],"wp:term":[{"taxonomy":"category","embeddable":true,"href":"https:\/\/eldiariodesanpedro.com.ar\/sitio\/wp-json\/wp\/v2\/categories?post=14248"},{"taxonomy":"post_tag","embeddable":true,"href":"https:\/\/eldiariodesanpedro.com.ar\/sitio\/wp-json\/wp\/v2\/tags?post=14248"}],"curies":[{"name":"wp","href":"https:\/\/api.w.org\/{rel}","templated":true}]}}