{"id":142475,"date":"2025-08-02T13:20:28","date_gmt":"2025-08-02T16:20:28","guid":{"rendered":"https:\/\/eldiariodesanpedro.com.ar\/sitio\/?p=142475"},"modified":"2025-08-02T13:20:32","modified_gmt":"2025-08-02T16:20:32","slug":"aprehendidos-dos-delincuentes-por-robo-en-barrio-104-secuestraron-una-desmalezadora-sustraida-de-una-vivienda","status":"publish","type":"post","link":"https:\/\/eldiariodesanpedro.com.ar\/sitio\/aprehendidos-dos-delincuentes-por-robo-en-barrio-104-secuestraron-una-desmalezadora-sustraida-de-una-vivienda\/","title":{"rendered":"Aprehendidos dos delincuentes por robo en barrio 104: secuestraron una desmalezadora sustra\u00edda de una vivienda"},"content":{"rendered":"<!-- VideographyWP Plugin Message: Automatic video embedding prevented by plugin options. -->\n\n<p>En la <strong>madrugada de hoy<\/strong>, personal policial de esta dependencia, en el marco de tareas de <strong>recorrida preventiva<\/strong> y tras un <strong>r\u00e1pido accionar durante una persecuci\u00f3n<\/strong>, logr\u00f3 la <strong>aprehensi\u00f3n de dos sujetos<\/strong> de <strong>21 y 28 a\u00f1os de edad<\/strong> en inmediaciones del <strong>barrio 104<\/strong> de esta ciudad.<\/p>\n\n\n\n<p>Los individuos, con <strong>frondosos antecedentes delictivos<\/strong>, fueron interceptados cuando intentaban darse a la fuga tras haber sustra\u00eddo una <strong>herramienta desmalezadora color naranja<\/strong>, que llevaban en su poder al momento de la detenci\u00f3n.<\/p>\n\n\n\n<p>Las investigaciones permitieron establecer que el <strong>elemento hab\u00eda sido robado momentos antes<\/strong> de una <strong>vivienda ubicada en calle Litoral al 2000<\/strong>, propiedad de un <strong>vecino de 55 a\u00f1os<\/strong>, luego de que los malvivientes <strong>ingresaran por el tapial y causaran da\u00f1os en la abertura de un dep\u00f3sito<\/strong>.<\/p>\n\n\n\n<p>Ante esta situaci\u00f3n, <strong>intervino la fiscal\u00eda local<\/strong>, que dispuso la <strong>notificaci\u00f3n de la causa por el delito de robo<\/strong>, y orden\u00f3 que los aprehendidos queden <strong>alojados en los calabozos<\/strong>, a la espera de su <strong>remisi\u00f3n a sede fiscal<\/strong> para prestar declaraci\u00f3n.<\/p>\n\n\n\n<p><strong>#Robo #Aprehensi\u00f3n #PolicialesSanPedro #Delincuencia #Inseguridad #SanPedroNoticias #Fiscal\u00eda #HerramientaRobada #Barrio104 #DesmalezadoraSustra\u00edda #AccionarPolicial #SeguridadCiudadan<\/strong><\/p>\n","protected":false},"excerpt":{"rendered":"<p>En la madrugada de hoy, personal policial de esta dependencia, en el marco de tareas de recorrida preventiva y tras un r\u00e1pido accionar durante una persecuci\u00f3n, logr\u00f3 la aprehensi\u00f3n de dos sujetos de 21 y 28 a\u00f1os de edad en inmediaciones del barrio 104 de esta ciudad. Los individuos, con frondosos antecedentes delictivos, fueron interceptados [&hellip;]<\/p>\n","protected":false},"author":4,"featured_media":0,"comment_status":"closed","ping_status":"closed","sticky":false,"template":"","format":"standard","meta":{"om_disable_all_campaigns":false,"_jetpack_memberships_contains_paid_content":false,"footnotes":""},"categories":[2],"tags":[],"class_list":["post-142475","post","type-post","status-publish","format-standard","hentry","category-locales"],"aioseo_notices":[],"gutentor_comment":0,"jetpack_featured_media_url":"","jetpack_shortlink":"https:\/\/wp.me\/p6RhLt-B3Z","jetpack_sharing_enabled":true,"_links":{"self":[{"href":"https:\/\/eldiariodesanpedro.com.ar\/sitio\/wp-json\/wp\/v2\/posts\/142475","targetHints":{"allow":["GET"]}}],"collection":[{"href":"https:\/\/eldiariodesanpedro.com.ar\/sitio\/wp-json\/wp\/v2\/posts"}],"about":[{"href":"https:\/\/eldiariodesanpedro.com.ar\/sitio\/wp-json\/wp\/v2\/types\/post"}],"author":[{"embeddable":true,"href":"https:\/\/eldiariodesanpedro.com.ar\/sitio\/wp-json\/wp\/v2\/users\/4"}],"replies":[{"embeddable":true,"href":"https:\/\/eldiariodesanpedro.com.ar\/sitio\/wp-json\/wp\/v2\/comments?post=142475"}],"version-history":[{"count":1,"href":"https:\/\/eldiariodesanpedro.com.ar\/sitio\/wp-json\/wp\/v2\/posts\/142475\/revisions"}],"predecessor-version":[{"id":142476,"href":"https:\/\/eldiariodesanpedro.com.ar\/sitio\/wp-json\/wp\/v2\/posts\/142475\/revisions\/142476"}],"wp:attachment":[{"href":"https:\/\/eldiariodesanpedro.com.ar\/sitio\/wp-json\/wp\/v2\/media?parent=142475"}],"wp:term":[{"taxonomy":"category","embeddable":true,"href":"https:\/\/eldiariodesanpedro.com.ar\/sitio\/wp-json\/wp\/v2\/categories?post=142475"},{"taxonomy":"post_tag","embeddable":true,"href":"https:\/\/eldiariodesanpedro.com.ar\/sitio\/wp-json\/wp\/v2\/tags?post=142475"}],"curies":[{"name":"wp","href":"https:\/\/api.w.org\/{rel}","templated":true}]}}