{"id":14245,"date":"2017-02-07T20:58:35","date_gmt":"2017-02-07T23:58:35","guid":{"rendered":"https:\/\/eldiariodesanpedro.com.ar\/sitio\/?p=14245"},"modified":"2026-01-24T00:31:05","modified_gmt":"2026-01-24T03:31:05","slug":"federal-c-atletico-gano-con-comodidad-en-el-debut-del-torneo","status":"publish","type":"post","link":"https:\/\/eldiariodesanpedro.com.ar\/sitio\/federal-c-atletico-gano-con-comodidad-en-el-debut-del-torneo\/","title":{"rendered":"FEDERAL C: Atl\u00e9tico gan\u00f3 con comodidad en el debut del torneo"},"content":{"rendered":"<p><!-- VideographyWP Plugin Message: Automatic video embedding prevented by plugin options. --><br \/>\nEn el \u201cCarlos Asali\u201d en la noche de este domingo dio inicio el torneo Federal \u201cC\u201d, Regi\u00f3n Pampeana Norte, para el representante de Baradero y de la Alianza Deportiva. Fue con triunfo de Atl\u00e9tico por 3 a 0 con goles de Moreira, Silva y Carreras ante Pe\u00f1a Boca de Arrecifes, uno en cada etapa. El \u201cnegro\u201d lo dirige Gustavo Fortunato y fueron titulares Herman Schallibaum y Leonel Camacho en la defensa. <\/p>\n<p>Gan\u00f3 bien Atl\u00e9tico, sobre todo marc\u00f3 mayor diferencia en el complemento, no solo en el resultado, tambi\u00e9n en el juego. En la pr\u00f3xima fecha visita a Matienzo de Ramallo.<\/p>\n<p><strong>S\u00edntesis<\/strong><\/p>\n<p>Atl\u00e9tico: Lu\u00eds G\u00f3mez, Walter Del R\u00edo, Pulimeni, Schallibaum, Rodrigo Carreras, Camacho, Ortigoza, Moreira, Luna, Silva y Chapuis. DT: Gustavo Fortunato<br \/>\nCambios: De Vincenzo por Luna y Mart\u00edn por Chapuis. Suplentes: Brizue\u00f1o, E. Centuri\u00f3n y Z\u00e1rate.<\/p>\n<p>Pe\u00f1a Boca Jrs. (Arrecifes): N\u00fa\u00f1ez, Duarte, Preve, M. G\u00f3mez, G. Far\u00edas, Carusillo, F. R\u00edos, Vell\u00f3n, M. Gonz\u00e1lez, Alessandro y Montes. DT: Carlos Aleano.<br \/>\nCambio: Miserda por Vell\u00f3n. Suplentes: Boueda, P. Garc\u00eda, B. Far\u00edas y L. Gonz\u00e1lez.<br \/>\nGoles: 32m Moreira (A), 67m Silva (A) y 90m Carrera (A).<br \/>\nDetalles: A los 78m M. Gonz\u00e1lez (BJ) desvi\u00f3 tiro penal.<br \/>\n\u00c1rbitro: Joaqu\u00edn Gil<br \/>\nAsistentes. Nicol\u00e1s Salinas y Marcos Santos (Liga de San Pedro)<br \/>\nCancha: Atl\u00e9tico Baradero.<br \/>\n<strong><br \/>\nSomisa 0 &#8211; Matienzo 0<\/strong><\/p>\n<p>Somisa: Tahiel Ponte, Cristian Carranza, Alejandro Slavin, Nicol\u00e1s Malin, Emanuel Ojeda, Nicanor Sawicz, Nicol\u00e1s Lescano, Sebasti\u00e1n Maggi, Cristian Frontini, Guido Mart\u00ednez y Juan Tomassini. DT: Walter Natali.<br \/>\nCambios: Leandro Zarate por Mart\u00ednez Cristian P\u00e9rez por Maggi.<\/p>\n<p>Matienzo: Ariel Beovides, Gabriel Mansilla, Ismael D\u00edaz, Juan Bogado, Franco Villareal, Diego Yacuzzi, Lautaro Roldan, Mateo Totaro, Gabriel Mart\u00ednez, Jos\u00e9 Pittaluga y Javier Yacuzzi. DT: Daniel Selenzo.<br \/>\nCambios: Cristian Mart\u00ednez por Villareal, Mat\u00edas Ferreyra por Totaro y Juan Cruz Cabrera por G. Mart\u00ednez<br \/>\nIncidencia: ST 46m roja por doble amarilla a Pittaluga (M).<br \/>\nArbitro: Sebasti\u00e1n Sena<br \/>\nAsistentes: V\u00edctor Loto e Iv\u00e1n Scarinzi<br \/>\nCancha: SOMISA<\/p>\n<p><strong>Posiciones<\/strong><\/p>\n<p>Atl\u00e9tico 3<br \/>\nSOMISA 1<br \/>\nMatienzo 1<br \/>\nPe\u00f1a Boca Jrs. 0<\/p>\n<p><strong>Pr\u00f3xima fecha<\/strong><\/p>\n<p>Pe\u00f1a Boca Jrs. vs SOMISA<br \/>\nMatienzo vs Atl\u00e9tico<\/p>\n<p><strong>Otros resultados<\/strong><\/p>\n<p><strong>Regi\u00f3n Pampeana Norte <\/strong><br \/>\n(2 Ascensos)<\/p>\n<p><em>Zona \u201c1\u201d<\/em><br \/>\nDel Acuerdo (S. Nicol\u00e1s) 0 &#8211;  Atl. Matienzo (Ramallo) 0<br \/>\nAtl. Baradero 3 &#8211; Pe\u00f1a de Boca Jrs. (Arrecifes) 0<\/p>\n<p><em>Zona \u201c2\u201d<\/em><br \/>\nJuventud (Rojas) 0 &#8211; J.Newbery (Rojas)\t2<br \/>\nArgentino (Chacab.) 1 &#8211; Argentino (Pergam.) 1 <\/p>\n<p><em>Zona \u201c3\u201d<\/em><br \/>\nRacing (Col\u00f3n) 1 &#8211; Porte\u00f1o F.C (Col\u00f3n) 3<br \/>\nColonia Ferr\u00e9 1 &#8211; Matienzo (Alberdi) 1\t <\/p>\n<p><em>Zona \u201c4\u201d<\/em><br \/>\nLun. 21:30 Villa Belgrano (Jun\u00edn) vs. River Plate (Jun\u00edn)<br \/>\nJuv. Unida (Lincoln) 0 &#8211; Viamonte F.C. 3\t <\/p>\n<p><em>Zona \u201c5\u201d<\/em><br \/>\nSports (Salto) 4 &#8211; El Fort\u00edn (Salto)  3<br \/>\nDep. Colon (Chiv.) 0 &#8211; Gimnasia (Chiv.) 0\t <\/p>\n<p><em>Zona \u201c6\u201d<\/em><br \/>\nOtamendi F.C.(Escobar) 2 &#8211; Def. La Esperanza (Campana) 0<br \/>\nA definir Belgrano (Zarate) vs. Sarmiento (Z\u00e1rate) (Postergado por lluvias) <\/p>\n<p><em>Zona \u201c7\u201d<\/em><br \/>\nSp. Pilar 0 &#8211; SATSAID 3<br \/>\nDep. Pte. Derqui 1 &#8211; Dep. Malvinas 1\t <\/p>\n<p><em>Zona \u201c8\u201d<\/em><br \/>\nAtl. Lujan 2 &#8211; San Miguel (L. Heras) 2 Club Mercedes 1\t&#8211; Trocha (Mercedes) 2 <\/p>\n<p><em>Zona \u201c9\u201d<\/em><br \/>\nA definir Atl. y Progreso vs. A.D. El Salado (Postergado por lluvias)<br \/>\nDep. Coreano 3 &#8211; A.D.I.P. 3<\/p>\n<p><em>Zona \u201c10\u201d<\/em><br \/>\nPorte\u00f1o (Ensenada) 0 &#8211; CRIBA (La Plata) 6<br \/>\nUni\u00f3n Vecinal 0 Racing (Bavio) 2<\/p>\n","protected":false},"excerpt":{"rendered":"<p>En el \u201cCarlos Asali\u201d en la noche de este domingo dio inicio el torneo Federal \u201cC\u201d, Regi\u00f3n Pampeana Norte, para el representante de Baradero y de la Alianza Deportiva. Fue con triunfo de Atl\u00e9tico por 3 a 0 con goles de Moreira, Silva y Carreras ante Pe\u00f1a Boca de Arrecifes, uno en cada etapa. El [&hellip;]<\/p>\n","protected":false},"author":4,"featured_media":14246,"comment_status":"open","ping_status":"closed","sticky":false,"template":"","format":"standard","meta":{"om_disable_all_campaigns":false,"_jetpack_memberships_contains_paid_content":false,"footnotes":""},"categories":[5],"tags":[],"class_list":["post-14245","post","type-post","status-publish","format-standard","has-post-thumbnail","hentry","category-deportes"],"aioseo_notices":[],"gutentor_comment":0,"jetpack_featured_media_url":"https:\/\/eldiariodesanpedro.com.ar\/sitio\/wp-content\/uploads\/2017\/02\/El-once-inicial-de-Atl\u00e9tico-Baradero-BTI.jpg","jetpack_shortlink":"https:\/\/wp.me\/p6RhLt-3HL","jetpack_sharing_enabled":true,"_links":{"self":[{"href":"https:\/\/eldiariodesanpedro.com.ar\/sitio\/wp-json\/wp\/v2\/posts\/14245","targetHints":{"allow":["GET"]}}],"collection":[{"href":"https:\/\/eldiariodesanpedro.com.ar\/sitio\/wp-json\/wp\/v2\/posts"}],"about":[{"href":"https:\/\/eldiariodesanpedro.com.ar\/sitio\/wp-json\/wp\/v2\/types\/post"}],"author":[{"embeddable":true,"href":"https:\/\/eldiariodesanpedro.com.ar\/sitio\/wp-json\/wp\/v2\/users\/4"}],"replies":[{"embeddable":true,"href":"https:\/\/eldiariodesanpedro.com.ar\/sitio\/wp-json\/wp\/v2\/comments?post=14245"}],"version-history":[{"count":1,"href":"https:\/\/eldiariodesanpedro.com.ar\/sitio\/wp-json\/wp\/v2\/posts\/14245\/revisions"}],"predecessor-version":[{"id":14247,"href":"https:\/\/eldiariodesanpedro.com.ar\/sitio\/wp-json\/wp\/v2\/posts\/14245\/revisions\/14247"}],"wp:featuredmedia":[{"embeddable":true,"href":"https:\/\/eldiariodesanpedro.com.ar\/sitio\/wp-json\/wp\/v2\/media\/14246"}],"wp:attachment":[{"href":"https:\/\/eldiariodesanpedro.com.ar\/sitio\/wp-json\/wp\/v2\/media?parent=14245"}],"wp:term":[{"taxonomy":"category","embeddable":true,"href":"https:\/\/eldiariodesanpedro.com.ar\/sitio\/wp-json\/wp\/v2\/categories?post=14245"},{"taxonomy":"post_tag","embeddable":true,"href":"https:\/\/eldiariodesanpedro.com.ar\/sitio\/wp-json\/wp\/v2\/tags?post=14245"}],"curies":[{"name":"wp","href":"https:\/\/api.w.org\/{rel}","templated":true}]}}