{"id":14242,"date":"2017-02-07T20:53:03","date_gmt":"2017-02-07T23:53:03","guid":{"rendered":"https:\/\/eldiariodesanpedro.com.ar\/sitio\/?p=14242"},"modified":"2017-02-07T20:53:03","modified_gmt":"2017-02-07T23:53:03","slug":"ramallo-detienen-a-un-individuo-por-el-abuso-sexual-de-una-menor","status":"publish","type":"post","link":"https:\/\/eldiariodesanpedro.com.ar\/sitio\/ramallo-detienen-a-un-individuo-por-el-abuso-sexual-de-una-menor\/","title":{"rendered":"RAMALLO: Detienen a un individuo por el abuso sexual de una menor"},"content":{"rendered":"<p><!-- VideographyWP Plugin Message: Automatic video embedding prevented by plugin options. --><br \/>\nEl viernes por la tarde personal de la Comisar\u00eda Primera, con la colaboraci\u00f3n de la DDI y de la Comisar\u00eda de la Mujer detuvieron en un domicilio de la calle Espa\u00f1a de Ramallo, a un individuo acusado de abuso sexual de una menor de 12 a\u00f1os.<\/p>\n<p>La denuncia fue realizada por la mam\u00e1 de la v\u00edctima el 28 de octubre del a\u00f1o pasado. Luego de la investigaci\u00f3n y las pericias, que para los familiares de la menor llev\u00f3 demasiado tiempo, se determin\u00f3 la detenci\u00f3n del imputado.<\/p>\n<p>El acusado es cu\u00f1ado, esposo de una hermana mayor de la v\u00edctima y el aberrante delito vendr\u00eda produci\u00e9ndose desde hace cuatro a\u00f1os. Pero el hecho fue descubierto y denunciado el a\u00f1o pasado. El viernes el Juzgado de Garant\u00edas N\u00ba 1 de la ciudad de San Nicol\u00e1s determin\u00f3 la detenci\u00f3n del acusado, que por el momento est\u00e1 alojado en la comisar\u00eda Primera de Ramallo. Fuentes cercanas a la investigaci\u00f3n se\u00f1alan que fueron varios los elementos acumulados para determinar la detenci\u00f3n, pero que la C\u00e1mara Gesell fue fundamental. (http:\/\/laradioramallo.com.ar)<\/p>\n","protected":false},"excerpt":{"rendered":"<p>El viernes por la tarde personal de la Comisar\u00eda Primera, con la colaboraci\u00f3n de la DDI y de la Comisar\u00eda de la Mujer detuvieron en un domicilio de la calle Espa\u00f1a de Ramallo, a un individuo acusado de abuso sexual de una menor de 12 a\u00f1os. La denuncia fue realizada por la mam\u00e1 de la [&hellip;]<\/p>\n","protected":false},"author":4,"featured_media":14243,"comment_status":"open","ping_status":"closed","sticky":false,"template":"","format":"standard","meta":{"om_disable_all_campaigns":false,"_jetpack_memberships_contains_paid_content":false,"footnotes":""},"categories":[621],"tags":[],"class_list":["post-14242","post","type-post","status-publish","format-standard","has-post-thumbnail","hentry","category-regionales"],"aioseo_notices":[],"gutentor_comment":0,"jetpack_featured_media_url":"https:\/\/eldiariodesanpedro.com.ar\/sitio\/wp-content\/uploads\/2017\/02\/Ramallo-Comisar\u00eda-Primera.jpg","jetpack_shortlink":"https:\/\/wp.me\/p6RhLt-3HI","jetpack_sharing_enabled":true,"_links":{"self":[{"href":"https:\/\/eldiariodesanpedro.com.ar\/sitio\/wp-json\/wp\/v2\/posts\/14242","targetHints":{"allow":["GET"]}}],"collection":[{"href":"https:\/\/eldiariodesanpedro.com.ar\/sitio\/wp-json\/wp\/v2\/posts"}],"about":[{"href":"https:\/\/eldiariodesanpedro.com.ar\/sitio\/wp-json\/wp\/v2\/types\/post"}],"author":[{"embeddable":true,"href":"https:\/\/eldiariodesanpedro.com.ar\/sitio\/wp-json\/wp\/v2\/users\/4"}],"replies":[{"embeddable":true,"href":"https:\/\/eldiariodesanpedro.com.ar\/sitio\/wp-json\/wp\/v2\/comments?post=14242"}],"version-history":[{"count":1,"href":"https:\/\/eldiariodesanpedro.com.ar\/sitio\/wp-json\/wp\/v2\/posts\/14242\/revisions"}],"predecessor-version":[{"id":14244,"href":"https:\/\/eldiariodesanpedro.com.ar\/sitio\/wp-json\/wp\/v2\/posts\/14242\/revisions\/14244"}],"wp:featuredmedia":[{"embeddable":true,"href":"https:\/\/eldiariodesanpedro.com.ar\/sitio\/wp-json\/wp\/v2\/media\/14243"}],"wp:attachment":[{"href":"https:\/\/eldiariodesanpedro.com.ar\/sitio\/wp-json\/wp\/v2\/media?parent=14242"}],"wp:term":[{"taxonomy":"category","embeddable":true,"href":"https:\/\/eldiariodesanpedro.com.ar\/sitio\/wp-json\/wp\/v2\/categories?post=14242"},{"taxonomy":"post_tag","embeddable":true,"href":"https:\/\/eldiariodesanpedro.com.ar\/sitio\/wp-json\/wp\/v2\/tags?post=14242"}],"curies":[{"name":"wp","href":"https:\/\/api.w.org\/{rel}","templated":true}]}}