{"id":14239,"date":"2017-02-07T20:50:52","date_gmt":"2017-02-07T23:50:52","guid":{"rendered":"https:\/\/eldiariodesanpedro.com.ar\/sitio\/?p=14239"},"modified":"2017-02-07T20:50:52","modified_gmt":"2017-02-07T23:50:52","slug":"san-nicolas-una-mujer-intento-ingresar-droga-a-la-carcel","status":"publish","type":"post","link":"https:\/\/eldiariodesanpedro.com.ar\/sitio\/san-nicolas-una-mujer-intento-ingresar-droga-a-la-carcel\/","title":{"rendered":"SAN NICOL\u00c1S: Una mujer intent\u00f3 ingresar droga a la c\u00e1rcel"},"content":{"rendered":"<p><!-- VideographyWP Plugin Message: Automatic video embedding prevented by plugin options. --><br \/>\nEl hecho ocurri\u00f3 en la Unidad Penal N\u00ba 3 de San Nicol\u00e1s este fin de semana. Una joven de 20 a\u00f1os de apellido Cepeda qued\u00f3 aprehendida por \u201cInfracci\u00f3n a la Ley 23737 Tenencia para Consumo\u201d y a disposici\u00f3n de la Fiscal\u00eda N\u00ba 4.<\/p>\n<p>La mujer hab\u00eda intentado ingresar a la c\u00e1rcel unos pocos gramos de marihuana cuando fue a visitar a uno de los detenidos. En la requisa se le descubri\u00f3 la maniobra y se procedi\u00f3 al secuestro de la droga.<\/p>\n<p>Tras las actuaciones de rigor fue puesta en libertad. (Diario El Informante)<\/p>\n","protected":false},"excerpt":{"rendered":"<p>El hecho ocurri\u00f3 en la Unidad Penal N\u00ba 3 de San Nicol\u00e1s este fin de semana. Una joven de 20 a\u00f1os de apellido Cepeda qued\u00f3 aprehendida por \u201cInfracci\u00f3n a la Ley 23737 Tenencia para Consumo\u201d y a disposici\u00f3n de la Fiscal\u00eda N\u00ba 4. La mujer hab\u00eda intentado ingresar a la c\u00e1rcel unos pocos gramos de [&hellip;]<\/p>\n","protected":false},"author":4,"featured_media":14240,"comment_status":"open","ping_status":"closed","sticky":false,"template":"","format":"standard","meta":{"om_disable_all_campaigns":false,"_jetpack_memberships_contains_paid_content":false,"footnotes":""},"categories":[621],"tags":[],"class_list":["post-14239","post","type-post","status-publish","format-standard","has-post-thumbnail","hentry","category-regionales"],"aioseo_notices":[],"gutentor_comment":0,"jetpack_featured_media_url":"https:\/\/eldiariodesanpedro.com.ar\/sitio\/wp-content\/uploads\/2017\/02\/Unidad-Penal-N\u00ba-3-de-San-Nicol\u00e1s.jpg","jetpack_shortlink":"https:\/\/wp.me\/p6RhLt-3HF","jetpack_sharing_enabled":true,"_links":{"self":[{"href":"https:\/\/eldiariodesanpedro.com.ar\/sitio\/wp-json\/wp\/v2\/posts\/14239","targetHints":{"allow":["GET"]}}],"collection":[{"href":"https:\/\/eldiariodesanpedro.com.ar\/sitio\/wp-json\/wp\/v2\/posts"}],"about":[{"href":"https:\/\/eldiariodesanpedro.com.ar\/sitio\/wp-json\/wp\/v2\/types\/post"}],"author":[{"embeddable":true,"href":"https:\/\/eldiariodesanpedro.com.ar\/sitio\/wp-json\/wp\/v2\/users\/4"}],"replies":[{"embeddable":true,"href":"https:\/\/eldiariodesanpedro.com.ar\/sitio\/wp-json\/wp\/v2\/comments?post=14239"}],"version-history":[{"count":1,"href":"https:\/\/eldiariodesanpedro.com.ar\/sitio\/wp-json\/wp\/v2\/posts\/14239\/revisions"}],"predecessor-version":[{"id":14241,"href":"https:\/\/eldiariodesanpedro.com.ar\/sitio\/wp-json\/wp\/v2\/posts\/14239\/revisions\/14241"}],"wp:featuredmedia":[{"embeddable":true,"href":"https:\/\/eldiariodesanpedro.com.ar\/sitio\/wp-json\/wp\/v2\/media\/14240"}],"wp:attachment":[{"href":"https:\/\/eldiariodesanpedro.com.ar\/sitio\/wp-json\/wp\/v2\/media?parent=14239"}],"wp:term":[{"taxonomy":"category","embeddable":true,"href":"https:\/\/eldiariodesanpedro.com.ar\/sitio\/wp-json\/wp\/v2\/categories?post=14239"},{"taxonomy":"post_tag","embeddable":true,"href":"https:\/\/eldiariodesanpedro.com.ar\/sitio\/wp-json\/wp\/v2\/tags?post=14239"}],"curies":[{"name":"wp","href":"https:\/\/api.w.org\/{rel}","templated":true}]}}