{"id":14236,"date":"2017-02-07T20:49:01","date_gmt":"2017-02-07T23:49:01","guid":{"rendered":"https:\/\/eldiariodesanpedro.com.ar\/sitio\/?p=14236"},"modified":"2017-02-07T20:49:01","modified_gmt":"2017-02-07T23:49:01","slug":"un-menor-reconocio-haber-incendiado-la-catedral-de-san-nicolas","status":"publish","type":"post","link":"https:\/\/eldiariodesanpedro.com.ar\/sitio\/un-menor-reconocio-haber-incendiado-la-catedral-de-san-nicolas\/","title":{"rendered":"Un menor reconoci\u00f3 haber incendiado la Catedral de San Nicol\u00e1s"},"content":{"rendered":"<p><!-- VideographyWP Plugin Message: Automatic video embedding prevented by plugin options. --><br \/>\nFinalmente, uno de los menores que se investigaba como presunto coautor del incendio de la Catedral se present\u00f3 espont\u00e1neamente en la Comisar\u00eda primera y reconoci\u00f3 el hecho. De inmediato se encuadr\u00f3 la causa bajo la fiscal\u00eda de menores y qued\u00f3 en libertad. Por ahora su confesi\u00f3n no es v\u00e1lida.<\/p>\n<p>El incendio a la catedral parec\u00eda iba a quedar impune. Sin embargo la causa dio un giro inesperado. EL NORTE consult\u00f3 al Fiscal que atiende en la casua Dr. Julio Tan\u00fas quien confirm\u00f3 lo ocurrido. Uno de los menores que se investigaba como presunto autor del hecho se present\u00f3 espont\u00e1neamente en la Comisar\u00eda y reconoci\u00f3 su participaci\u00f3n en el siniestro.El joven de 16 a\u00f1os lleg\u00f3 a la Comisar\u00eda Primera y simplemente dijo que junto a un amigo hab\u00eda incendiado la Catedral.  Ni bien ocurrida esta presentaci\u00f3n desde la Comisar\u00eda se dio aviso a la fiscal\u00eda del Dr. Julio Tan\u00fas, determin\u00e1ndose que  se haga cargo la Fiscal\u00eda de Menores en turno a cargo del Dr. Jos\u00e9 Mar\u00eda Guadagnoli. Como se trata de un  menor de edad, que se  auto incrimina  no se puede realizar una indagatoria. Y se  debe generar un  marco legal  que re\u00fana  las garant\u00edas constitucionales que amparan al menor.  Es as\u00ed como solo se labr\u00f3 un acta donde aclaran que se present\u00f3 espont\u00e1neamente un menor y se consigna que ser\u00e1 citado durante  la semana para ser indagado. El menor fue restituido a sus progenitores. Y los detalles brindados no ser\u00eda tenidos en cuenta hasta el momento, solo ser\u00e1 validos si los ratifica en la indagatoria y patrocinado por un abogado defensor. El menor sencillamente reconoci\u00f3 que incendi\u00f3 un objeto combustible cercano al altar junto a su amigo pensando que era gracioso. Ahora habr\u00e1 que ver c\u00f3mo evolucionan las cuestiones legales y si el menor sostiene su declaraci\u00f3n  espontanea cuando intervenga un abogado defensor.Cronolog\u00eda de los hechosEn horas de la tarde del 26 de enero comenz\u00f3 un dantesco incendio en La Catedral. Luego de las pericias se estableci\u00f3 que hab\u00eda intervenido el \u201cFactor Humano\u201d. Un d\u00eda despu\u00e9s trascendi\u00f3 que se investigaban a dos j\u00f3venes como presuntos autores del hecho. Ayer uno de los j\u00f3venes investigados, menor de edad, se auto incrimin\u00f3 y confirm\u00f3 la participaci\u00f3n de su amigo.  (Diario El Norte)<\/p>\n","protected":false},"excerpt":{"rendered":"<p>Finalmente, uno de los menores que se investigaba como presunto coautor del incendio de la Catedral se present\u00f3 espont\u00e1neamente en la Comisar\u00eda primera y reconoci\u00f3 el hecho. De inmediato se encuadr\u00f3 la causa bajo la fiscal\u00eda de menores y qued\u00f3 en libertad. Por ahora su confesi\u00f3n no es v\u00e1lida. El incendio a la catedral parec\u00eda [&hellip;]<\/p>\n","protected":false},"author":4,"featured_media":14237,"comment_status":"open","ping_status":"closed","sticky":false,"template":"","format":"standard","meta":{"om_disable_all_campaigns":false,"_jetpack_memberships_contains_paid_content":false,"footnotes":""},"categories":[621],"tags":[],"class_list":["post-14236","post","type-post","status-publish","format-standard","has-post-thumbnail","hentry","category-regionales"],"aioseo_notices":[],"gutentor_comment":0,"jetpack_featured_media_url":"https:\/\/eldiariodesanpedro.com.ar\/sitio\/wp-content\/uploads\/2017\/02\/La-catedral-en-llamas.jpg","jetpack_shortlink":"https:\/\/wp.me\/p6RhLt-3HC","jetpack_sharing_enabled":true,"_links":{"self":[{"href":"https:\/\/eldiariodesanpedro.com.ar\/sitio\/wp-json\/wp\/v2\/posts\/14236","targetHints":{"allow":["GET"]}}],"collection":[{"href":"https:\/\/eldiariodesanpedro.com.ar\/sitio\/wp-json\/wp\/v2\/posts"}],"about":[{"href":"https:\/\/eldiariodesanpedro.com.ar\/sitio\/wp-json\/wp\/v2\/types\/post"}],"author":[{"embeddable":true,"href":"https:\/\/eldiariodesanpedro.com.ar\/sitio\/wp-json\/wp\/v2\/users\/4"}],"replies":[{"embeddable":true,"href":"https:\/\/eldiariodesanpedro.com.ar\/sitio\/wp-json\/wp\/v2\/comments?post=14236"}],"version-history":[{"count":1,"href":"https:\/\/eldiariodesanpedro.com.ar\/sitio\/wp-json\/wp\/v2\/posts\/14236\/revisions"}],"predecessor-version":[{"id":14238,"href":"https:\/\/eldiariodesanpedro.com.ar\/sitio\/wp-json\/wp\/v2\/posts\/14236\/revisions\/14238"}],"wp:featuredmedia":[{"embeddable":true,"href":"https:\/\/eldiariodesanpedro.com.ar\/sitio\/wp-json\/wp\/v2\/media\/14237"}],"wp:attachment":[{"href":"https:\/\/eldiariodesanpedro.com.ar\/sitio\/wp-json\/wp\/v2\/media?parent=14236"}],"wp:term":[{"taxonomy":"category","embeddable":true,"href":"https:\/\/eldiariodesanpedro.com.ar\/sitio\/wp-json\/wp\/v2\/categories?post=14236"},{"taxonomy":"post_tag","embeddable":true,"href":"https:\/\/eldiariodesanpedro.com.ar\/sitio\/wp-json\/wp\/v2\/tags?post=14236"}],"curies":[{"name":"wp","href":"https:\/\/api.w.org\/{rel}","templated":true}]}}