{"id":14230,"date":"2017-02-07T20:46:56","date_gmt":"2017-02-07T23:46:56","guid":{"rendered":"https:\/\/eldiariodesanpedro.com.ar\/sitio\/?p=14230"},"modified":"2017-02-07T20:46:56","modified_gmt":"2017-02-07T23:46:56","slug":"salazar-recorrio-varias-obras-en-establecimientos-educativos","status":"publish","type":"post","link":"https:\/\/eldiariodesanpedro.com.ar\/sitio\/salazar-recorrio-varias-obras-en-establecimientos-educativos\/","title":{"rendered":"Salazar recorri\u00f3 varias obras en establecimientos educativos"},"content":{"rendered":"<p><!-- VideographyWP Plugin Message: Automatic video embedding prevented by plugin options. --><br \/>\nEsta ma\u00f1ana el Intendente Cecilio Salazar acompa\u00f1\u00f3 a los Consejeros Escolares por la tradicional recorrida en la que supervisan las obras que llevan adelante financiadas con el Fondo Educativo.<\/p>\n<p>En primera instancia estuvieron en el edificio donde funcionan la Primaria N\u00ba 4 y Secundaria N\u00ba 11, lugar en el que se construyen nuevas aulas; luego visitaron la obra de ampliaci\u00f3n del Jard\u00edn 902; los trabajos que se llevan a cabo en las Escuelas Industrial y N\u00ba6.<\/p>\n<p>La recorrida finaliz\u00f3 en la Agropecuaria donde se construyen nuevos talleres que se complementar\u00e1n a las actividades diarias que se desarrollan en el establecimiento.<\/p>\n<p>\u00abSe est\u00e1 haciendo la ampliaci\u00f3n de las aulas m\u00e1s el SUM, las dependencias, los ba\u00f1os o sea que va a quedar como uno de los jardines m\u00e1s grande de San Pedro\u201d, explic\u00f3 el consejero escolar Fernando Cajide. Y en ese sentido, se\u00f1al\u00f3: \u201cLa ciudad tiene la problem\u00e1tica de hace varios a\u00f1os que ven\u00edamos con cerca de 500 chicos estaban sin escolarizar, esto junto con la inauguraci\u00f3n del a\u00f1o pasado del Jard\u00edn 918 estamos dando atenci\u00f3n a casi 300 chicos\u201d.<\/p>\n<p>\u201cEl compromiso del intendente fue poner la plata en educaci\u00f3n en la necesidad de que hab\u00eda\u201d, sostuvo luego. <\/p>\n<p>Al tiempo que confirm\u00f3: \u201cLa inauguraci\u00f3n del ciclo lectivo hacer ac\u00e1, as\u00ed que estamos corriendo contra reloj pero estamos confiados que esto se va a terminar en tiempo y forma\u201d. Estamos agradecidos al se\u00f1or intendente que est\u00e1 poniendo toda la plata de fondo creativo que hace a\u00f1os atr\u00e1s no ocurr\u00eda\u201d.<\/p>\n<p>Por su parte su par, Jorge D\u2019Andrea, cont\u00f3: \u201cAdem\u00e1s de este jard\u00edn estamos trabajando en la escuela de enfrente, primaria N\u00ba 4 y secundaria N\u00ba 11. Se est\u00e1 ampliando un sal\u00f3n con la preceptor\u00eda y adem\u00e1s se haciendo la mejora de ba\u00f1os en escuela secundaria\u201d.<\/p>\n<p>En tanto que destac\u00f3 las obras que de la \u201cAgropecuaria\u201d y la \u201cIndustrial\u201d que son obras millonarias y muy importantes\u201d.<\/p>\n<p>Seguidamente, expres\u00f3: \u201cEstamos muy contentos por lo que se ha hecho en forma conjunta con la municipalidad, porque en cada barrio que estamos haciendo alguna obra en las escuelas, para mejorar tambi\u00e9n algo del barrio alrededor. Por ejemplo ya estuvimos de acuerdo con el intendente para qu\u00e9 horas p\u00fablicas mejore un poco las calles se mejore las cunetas y zanjas. La idea no es s\u00f3lo trabajar adentro sino dejar el barrio en las mejores condiciones que podamos\u201d.<\/p>\n<p>Por su parte el Intendente Salazar, resalt\u00f3 el trabajo en la Escuela N\u00ba 4 y del jard\u00edn 902\u201d, sin embargo no se mostr\u00f3 conforme con el avance en la Escuela Industrial. \u201cEn la t\u00e9cnica N\u00ba 1 vemos que las obras est\u00e1n un poco demoradas, por ah\u00ed la empresa no est\u00e1 cumpliendo con los t\u00e9rminos\u201d. Y agreg\u00f3: \u201cReci\u00e9n acabo de hablar con Manuel Vidal de educaci\u00f3n de la provincia para tratar de que esta obra se acelere\u201d.<\/p>\n<p>Y sobre lo que se est\u00e1 haciendo, record\u00f3: \u201cEs una obra esperada hace un mont\u00f3n de tiempo. Tiene valor de 14 millones de pesos, se va hacer el patio nuevo, comedores, 4 aulas, nuevos cuerpo de ba\u00f1o y nuevos talleres. Esperemos que se pueda culminar r\u00e1pidamente para que los chicos con el inicio del ciclo lectivo se puedan tener todas las comodidades que corresponde escuela\u201d.<\/p>\n<p>Al tiempo que asever\u00f3: \u201cEs una escuela que estaba abandonada hac\u00eda mucha cantidad de a\u00f1os y se ha ido deteriorando lamentablemente. Yo vine a verla antes de comenzar las obras y daba pena verla de estado en que estaba es una escuela fundamental para la educaci\u00f3n de San Pedro\u201d.<\/p>\n<p>Por \u00faltimo se refiri\u00f3 al estado de los viejos tanques de fuel oil. \u201cTiene que venir un veh\u00edculo m\u00e1s grande para poder sacarlo pero ya est\u00e1 expuesto est\u00e1 listo para ser retirado Este es un tema que se ven\u00eda pidiendo hace mucho tiempo y que se incluye dentro de ese presupuesto de esta obra\u201d.<\/p>\n<p><a href=\"https:\/\/eldiariodesanpedro.com.ar\/sitio\/wp-content\/uploads\/2017\/02\/Las-obras-en-el-Jard\u00edn-902.jpg\"><img decoding=\"async\" data-attachment-id=\"14232\" data-permalink=\"https:\/\/eldiariodesanpedro.com.ar\/sitio\/salazar-recorrio-varias-obras-en-establecimientos-educativos\/dav-3\/\" data-orig-file=\"https:\/\/eldiariodesanpedro.com.ar\/sitio\/wp-content\/uploads\/2017\/02\/Las-obras-en-el-Jard\u00edn-902.jpg\" data-orig-size=\"900,505\" data-comments-opened=\"1\" data-image-meta=\"{&quot;aperture&quot;:&quot;2&quot;,&quot;credit&quot;:&quot;&quot;,&quot;camera&quot;:&quot;HUAWEI VNS-L23&quot;,&quot;caption&quot;:&quot;dav&quot;,&quot;created_timestamp&quot;:&quot;1486460267&quot;,&quot;copyright&quot;:&quot;&quot;,&quot;focal_length&quot;:&quot;3.79&quot;,&quot;iso&quot;:&quot;320&quot;,&quot;shutter_speed&quot;:&quot;0.03&quot;,&quot;title&quot;:&quot;dav&quot;,&quot;orientation&quot;:&quot;1&quot;}\" data-image-title=\"dav\" data-image-description=\"\" data-image-caption=\"&lt;p&gt;dav&lt;\/p&gt;\n\" data-large-file=\"https:\/\/eldiariodesanpedro.com.ar\/sitio\/wp-content\/uploads\/2017\/02\/Las-obras-en-el-Jard\u00edn-902.jpg\" data-src=\"https:\/\/eldiariodesanpedro.com.ar\/sitio\/wp-content\/uploads\/2017\/02\/Las-obras-en-el-Jard\u00edn-902-300x168.jpg\" alt=\"\" width=\"300\" height=\"168\" class=\"size-medium wp-image-14232 lazyload\" data-srcset=\"https:\/\/eldiariodesanpedro.com.ar\/sitio\/wp-content\/uploads\/2017\/02\/Las-obras-en-el-Jard\u00edn-902-300x168.jpg 300w, https:\/\/eldiariodesanpedro.com.ar\/sitio\/wp-content\/uploads\/2017\/02\/Las-obras-en-el-Jard\u00edn-902-768x431.jpg 768w, https:\/\/eldiariodesanpedro.com.ar\/sitio\/wp-content\/uploads\/2017\/02\/Las-obras-en-el-Jard\u00edn-902-800x445.jpg 800w, https:\/\/eldiariodesanpedro.com.ar\/sitio\/wp-content\/uploads\/2017\/02\/Las-obras-en-el-Jard\u00edn-902.jpg 900w\" data-sizes=\"(max-width: 300px) 100vw, 300px\" src=\"data:image\/svg+xml;base64,PHN2ZyB3aWR0aD0iMSIgaGVpZ2h0PSIxIiB4bWxucz0iaHR0cDovL3d3dy53My5vcmcvMjAwMC9zdmciPjwvc3ZnPg==\" style=\"--smush-placeholder-width: 300px; --smush-placeholder-aspect-ratio: 300\/168;\" \/><\/a><\/p>\n","protected":false},"excerpt":{"rendered":"<p>Esta ma\u00f1ana el Intendente Cecilio Salazar acompa\u00f1\u00f3 a los Consejeros Escolares por la tradicional recorrida en la que supervisan las obras que llevan adelante financiadas con el Fondo Educativo. En primera instancia estuvieron en el edificio donde funcionan la Primaria N\u00ba 4 y Secundaria N\u00ba 11, lugar en el que se construyen nuevas aulas; luego [&hellip;]<\/p>\n","protected":false},"author":4,"featured_media":14231,"comment_status":"open","ping_status":"closed","sticky":false,"template":"","format":"standard","meta":{"om_disable_all_campaigns":false,"_jetpack_memberships_contains_paid_content":false,"footnotes":""},"categories":[50,2,102],"tags":[],"class_list":["post-14230","post","type-post","status-publish","format-standard","has-post-thumbnail","hentry","category-destacadas","category-locales","category-politica-locales"],"aioseo_notices":[],"gutentor_comment":0,"jetpack_featured_media_url":"https:\/\/eldiariodesanpedro.com.ar\/sitio\/wp-content\/uploads\/2017\/02\/Salazar-recorri\u00f3-la-Escuela-T\u00e9cnica.jpg","jetpack_shortlink":"https:\/\/wp.me\/p6RhLt-3Hw","jetpack_sharing_enabled":true,"_links":{"self":[{"href":"https:\/\/eldiariodesanpedro.com.ar\/sitio\/wp-json\/wp\/v2\/posts\/14230","targetHints":{"allow":["GET"]}}],"collection":[{"href":"https:\/\/eldiariodesanpedro.com.ar\/sitio\/wp-json\/wp\/v2\/posts"}],"about":[{"href":"https:\/\/eldiariodesanpedro.com.ar\/sitio\/wp-json\/wp\/v2\/types\/post"}],"author":[{"embeddable":true,"href":"https:\/\/eldiariodesanpedro.com.ar\/sitio\/wp-json\/wp\/v2\/users\/4"}],"replies":[{"embeddable":true,"href":"https:\/\/eldiariodesanpedro.com.ar\/sitio\/wp-json\/wp\/v2\/comments?post=14230"}],"version-history":[{"count":3,"href":"https:\/\/eldiariodesanpedro.com.ar\/sitio\/wp-json\/wp\/v2\/posts\/14230\/revisions"}],"predecessor-version":[{"id":14235,"href":"https:\/\/eldiariodesanpedro.com.ar\/sitio\/wp-json\/wp\/v2\/posts\/14230\/revisions\/14235"}],"wp:featuredmedia":[{"embeddable":true,"href":"https:\/\/eldiariodesanpedro.com.ar\/sitio\/wp-json\/wp\/v2\/media\/14231"}],"wp:attachment":[{"href":"https:\/\/eldiariodesanpedro.com.ar\/sitio\/wp-json\/wp\/v2\/media?parent=14230"}],"wp:term":[{"taxonomy":"category","embeddable":true,"href":"https:\/\/eldiariodesanpedro.com.ar\/sitio\/wp-json\/wp\/v2\/categories?post=14230"},{"taxonomy":"post_tag","embeddable":true,"href":"https:\/\/eldiariodesanpedro.com.ar\/sitio\/wp-json\/wp\/v2\/tags?post=14230"}],"curies":[{"name":"wp","href":"https:\/\/api.w.org\/{rel}","templated":true}]}}