{"id":14228,"date":"2017-02-07T20:42:36","date_gmt":"2017-02-07T23:42:36","guid":{"rendered":"https:\/\/eldiariodesanpedro.com.ar\/sitio\/?p=14228"},"modified":"2017-02-07T20:42:36","modified_gmt":"2017-02-07T23:42:36","slug":"monfasani-elaboro-un-proyecto-de-tolerancia-cero-al-alcohol-a-la-hora-de-conducir","status":"publish","type":"post","link":"https:\/\/eldiariodesanpedro.com.ar\/sitio\/monfasani-elaboro-un-proyecto-de-tolerancia-cero-al-alcohol-a-la-hora-de-conducir\/","title":{"rendered":"Monfasani elabor\u00f3 un proyecto de \u00abtolerancia cero al alcohol\u00bb a la hora de conducir"},"content":{"rendered":"<p><!-- VideographyWP Plugin Message: Automatic video embedding prevented by plugin options. --><br \/>\nLos siniestros automovil\u00edsticos son la primera causa de muerte entre personas menores de 35 a\u00f1os y la tercera entre la poblaci\u00f3n en general.<\/p>\n<p>Un proyecto presentado por el Frente Renovador busca aplicar la normativa \u00abalcohol cero\u00bb para los conductores en la provincia de Buenos Aires. <\/p>\n<p>\u00abEs necesario contar con una ley que prevea alcohol cero al conducir\u00bb, dijo el diputado Daniel Monfasani, en un comunicado en donde explic\u00f3 que a trav\u00e9s de la iniciativa busca introducir modificaciones a la ley provincial de tr\u00e1nsito N\u00b0 13.927, a partir de la cual la provincia adhiere a las disposiciones generales de su hom\u00f3loga nacional N\u00b0 24.449, en lo que respecta a las normas que determinan la graduaci\u00f3n alcoh\u00f3lica permitida para conducir.<\/p>\n<p>La ley nacional determina a partir de su art\u00edculo 48\u00b0 la prohibici\u00f3n de conducir cualquier tipo de veh\u00edculo con una alcoholemia superior a 500 miligramos por litro de sangre.<\/p>\n<p>Monfasani busca determinar la imposibilidad de conducir en el territorio de la provincia de Buenos Aires sin tolerancia de un m\u00ednimo de concentraci\u00f3n de alcohol por litro de sangre.<\/p>\n<p>\u00abLamentablemente, los hechos demuestran que el alcohol sigue presente en los mal llamados &#8216;accidentes de tr\u00e1nsito&#8217;. Sucede que a medida que se incrementa la ingesta de alcohol, se va perdiendo la adaptaci\u00f3n de la visi\u00f3n a los cambios de luz, se tornan inexactas las distancias, disminuye el campo visual perdiendo la visi\u00f3n lateral y perjudica la reacci\u00f3n\u00bb, dijo.<\/p>\n<p>Las estad\u00edsticas muestran que los siniestros automovil\u00edsticos son la primera causa de muerte entre personas menores de 35 a\u00f1os y la tercera entre la poblaci\u00f3n en general.<\/p>\n<p>\u00abPor ello, se torna necesario intensificar las medidas de prevenci\u00f3n y mejorar el control del Estado en cuanto al consumo de alcohol al momento de conducir un veh\u00edculo\u00bb, afirm\u00f3 el legislador y a\u00f1adi\u00f3 que \u00abesto implica avanzar en la consagraci\u00f3n de una prohibici\u00f3n a\u00fan m\u00e1s estricta en pro de la salud y seguridad de toda la poblaci\u00f3n bonaerense\u00bb. (Fuente: Minuto 1)<\/p>\n","protected":false},"excerpt":{"rendered":"<p>Los siniestros automovil\u00edsticos son la primera causa de muerte entre personas menores de 35 a\u00f1os y la tercera entre la poblaci\u00f3n en general. Un proyecto presentado por el Frente Renovador busca aplicar la normativa \u00abalcohol cero\u00bb para los conductores en la provincia de Buenos Aires. \u00abEs necesario contar con una ley que prevea alcohol cero [&hellip;]<\/p>\n","protected":false},"author":4,"featured_media":10075,"comment_status":"open","ping_status":"closed","sticky":false,"template":"","format":"standard","meta":{"om_disable_all_campaigns":false,"_jetpack_memberships_contains_paid_content":false,"footnotes":""},"categories":[2,102],"tags":[],"class_list":["post-14228","post","type-post","status-publish","format-standard","has-post-thumbnail","hentry","category-locales","category-politica-locales"],"aioseo_notices":[],"gutentor_comment":0,"jetpack_featured_media_url":"https:\/\/eldiariodesanpedro.com.ar\/sitio\/wp-content\/uploads\/2016\/11\/monfasani.jpg","jetpack_shortlink":"https:\/\/wp.me\/p6RhLt-3Hu","jetpack_sharing_enabled":true,"_links":{"self":[{"href":"https:\/\/eldiariodesanpedro.com.ar\/sitio\/wp-json\/wp\/v2\/posts\/14228","targetHints":{"allow":["GET"]}}],"collection":[{"href":"https:\/\/eldiariodesanpedro.com.ar\/sitio\/wp-json\/wp\/v2\/posts"}],"about":[{"href":"https:\/\/eldiariodesanpedro.com.ar\/sitio\/wp-json\/wp\/v2\/types\/post"}],"author":[{"embeddable":true,"href":"https:\/\/eldiariodesanpedro.com.ar\/sitio\/wp-json\/wp\/v2\/users\/4"}],"replies":[{"embeddable":true,"href":"https:\/\/eldiariodesanpedro.com.ar\/sitio\/wp-json\/wp\/v2\/comments?post=14228"}],"version-history":[{"count":1,"href":"https:\/\/eldiariodesanpedro.com.ar\/sitio\/wp-json\/wp\/v2\/posts\/14228\/revisions"}],"predecessor-version":[{"id":14229,"href":"https:\/\/eldiariodesanpedro.com.ar\/sitio\/wp-json\/wp\/v2\/posts\/14228\/revisions\/14229"}],"wp:featuredmedia":[{"embeddable":true,"href":"https:\/\/eldiariodesanpedro.com.ar\/sitio\/wp-json\/wp\/v2\/media\/10075"}],"wp:attachment":[{"href":"https:\/\/eldiariodesanpedro.com.ar\/sitio\/wp-json\/wp\/v2\/media?parent=14228"}],"wp:term":[{"taxonomy":"category","embeddable":true,"href":"https:\/\/eldiariodesanpedro.com.ar\/sitio\/wp-json\/wp\/v2\/categories?post=14228"},{"taxonomy":"post_tag","embeddable":true,"href":"https:\/\/eldiariodesanpedro.com.ar\/sitio\/wp-json\/wp\/v2\/tags?post=14228"}],"curies":[{"name":"wp","href":"https:\/\/api.w.org\/{rel}","templated":true}]}}