{"id":14225,"date":"2017-02-07T20:41:18","date_gmt":"2017-02-07T23:41:18","guid":{"rendered":"https:\/\/eldiariodesanpedro.com.ar\/sitio\/?p=14225"},"modified":"2017-02-07T20:41:18","modified_gmt":"2017-02-07T23:41:18","slug":"trabajadores-municipales-tomaron-el-local-de-san-martin-al-500","status":"publish","type":"post","link":"https:\/\/eldiariodesanpedro.com.ar\/sitio\/trabajadores-municipales-tomaron-el-local-de-san-martin-al-500\/","title":{"rendered":"Trabajadores municipales tomaron el local de San Mart\u00edn al 500"},"content":{"rendered":"<p><!-- VideographyWP Plugin Message: Automatic video embedding prevented by plugin options. --><br \/>\nTrabajadores municipales, durante la ma\u00f1ana de hoy, tomaron posesi\u00f3n del local que se encuentra en San Mart\u00edn al 500, donde funcionaba el gremio que comandaba C\u00e9sar Parzon hasta el a\u00f1o pasado.<\/p>\n<p>Sin embargo, ya hace que no era reconocido como tal por la gesti\u00f3n municipal por falta de personer\u00eda jur\u00eddica, es por ello que se hace cargo del lugar el sindicato con mayor cantidad de afiliados, en este caso el Sindicato de Trabajadores Municipales.<\/p>\n<p>Se llev\u00f3 a cabo una reuni\u00f3n cerca de las 11 hs. donde se acord\u00f3 el traspaso en forma ordenada. \u201cEsta es la casa de los trabajadores municipales y hemos llegado a un acuerdo, reconocemos que ellos tienen la mayor\u00eda de los afiliados as\u00ed que vamos a hacer una transici\u00f3n tranquila, en paz\u201d, sostuvo Parzon.<\/p>\n<p>Y agreg\u00f3: \u201cLa vamos a entregar para los trabajadores\u201d. \u201cVamos a hacer un inventario para ver que le dejamos, que nos llevamos, algunas cosas nuestras y nada, est\u00e1 todo bien. Ac\u00e1 los trabajadores van a estar en su casa que es donde tienen que estar\u201d.<\/p>\n<p>Por su parte Juan Cruz Acostado, dijo: \u201cLa transici\u00f3n se hace en paz y tranquilo, como siempre perteneci\u00f3 a los trabajadores y seguramente va a seguir funcionando para eso\u201d.<\/p>\n<p>\u201cAc\u00e1 vino un grupo de trabajadores a reclamar que el local era de ellos\u201d, agreg\u00f3.<\/p>\n<p>En tanto que el dirigente gremial explic\u00f3 que ya se traladaran al nuevo lugar. \u201cTodo va a funcionar ac\u00e1, en el otro lugar vamos a rescindir el contrato y la semana que viene ya arrancaremos a trabajar ac\u00e1.<\/p>\n","protected":false},"excerpt":{"rendered":"<p>Trabajadores municipales, durante la ma\u00f1ana de hoy, tomaron posesi\u00f3n del local que se encuentra en San Mart\u00edn al 500, donde funcionaba el gremio que comandaba C\u00e9sar Parzon hasta el a\u00f1o pasado. Sin embargo, ya hace que no era reconocido como tal por la gesti\u00f3n municipal por falta de personer\u00eda jur\u00eddica, es por ello que se [&hellip;]<\/p>\n","protected":false},"author":4,"featured_media":14226,"comment_status":"open","ping_status":"closed","sticky":false,"template":"","format":"standard","meta":{"om_disable_all_campaigns":false,"_jetpack_memberships_contains_paid_content":false,"footnotes":""},"categories":[50,2,102],"tags":[],"class_list":["post-14225","post","type-post","status-publish","format-standard","has-post-thumbnail","hentry","category-destacadas","category-locales","category-politica-locales"],"aioseo_notices":[],"gutentor_comment":0,"jetpack_featured_media_url":"https:\/\/eldiariodesanpedro.com.ar\/sitio\/wp-content\/uploads\/2017\/02\/Los-trabajadores-reclamaron-el-lugar-como-propio.jpg","jetpack_shortlink":"https:\/\/wp.me\/p6RhLt-3Hr","jetpack_sharing_enabled":true,"_links":{"self":[{"href":"https:\/\/eldiariodesanpedro.com.ar\/sitio\/wp-json\/wp\/v2\/posts\/14225","targetHints":{"allow":["GET"]}}],"collection":[{"href":"https:\/\/eldiariodesanpedro.com.ar\/sitio\/wp-json\/wp\/v2\/posts"}],"about":[{"href":"https:\/\/eldiariodesanpedro.com.ar\/sitio\/wp-json\/wp\/v2\/types\/post"}],"author":[{"embeddable":true,"href":"https:\/\/eldiariodesanpedro.com.ar\/sitio\/wp-json\/wp\/v2\/users\/4"}],"replies":[{"embeddable":true,"href":"https:\/\/eldiariodesanpedro.com.ar\/sitio\/wp-json\/wp\/v2\/comments?post=14225"}],"version-history":[{"count":1,"href":"https:\/\/eldiariodesanpedro.com.ar\/sitio\/wp-json\/wp\/v2\/posts\/14225\/revisions"}],"predecessor-version":[{"id":14227,"href":"https:\/\/eldiariodesanpedro.com.ar\/sitio\/wp-json\/wp\/v2\/posts\/14225\/revisions\/14227"}],"wp:featuredmedia":[{"embeddable":true,"href":"https:\/\/eldiariodesanpedro.com.ar\/sitio\/wp-json\/wp\/v2\/media\/14226"}],"wp:attachment":[{"href":"https:\/\/eldiariodesanpedro.com.ar\/sitio\/wp-json\/wp\/v2\/media?parent=14225"}],"wp:term":[{"taxonomy":"category","embeddable":true,"href":"https:\/\/eldiariodesanpedro.com.ar\/sitio\/wp-json\/wp\/v2\/categories?post=14225"},{"taxonomy":"post_tag","embeddable":true,"href":"https:\/\/eldiariodesanpedro.com.ar\/sitio\/wp-json\/wp\/v2\/tags?post=14225"}],"curies":[{"name":"wp","href":"https:\/\/api.w.org\/{rel}","templated":true}]}}