{"id":14218,"date":"2017-02-07T13:09:29","date_gmt":"2017-02-07T16:09:29","guid":{"rendered":"https:\/\/eldiariodesanpedro.com.ar\/sitio\/?p=14218"},"modified":"2017-02-07T13:09:29","modified_gmt":"2017-02-07T16:09:29","slug":"un-joven-de-21-anos-se-quito-la-vida","status":"publish","type":"post","link":"https:\/\/eldiariodesanpedro.com.ar\/sitio\/un-joven-de-21-anos-se-quito-la-vida\/","title":{"rendered":"Un joven de 21 a\u00f1os se quito la vida"},"content":{"rendered":"<p><!-- VideographyWP Plugin Message: Automatic video embedding prevented by plugin options. --><br \/>\nEn el medio d\u00eda de hoy personal policial se hizo presente en San Lorenzo al 2900 donde se encontr\u00f3 el cuerpo sin vida de un joven de 21 a\u00f1os de edad quien tomo la tr\u00e1gica decisi\u00f3n de quitarse la vida. Se trata de establecer los motivos por que tomo esta decisi\u00f3n, le dec\u00edan \u00abEl Canario\u00bb y trabajaba en una Carbonera.<\/p>\n","protected":false},"excerpt":{"rendered":"<p>En el medio d\u00eda de hoy personal policial se hizo presente en San Lorenzo al 2900 donde se encontr\u00f3 el cuerpo sin vida de un joven de 21 a\u00f1os de edad quien tomo la tr\u00e1gica decisi\u00f3n de quitarse la vida. Se trata de establecer los motivos por que tomo esta decisi\u00f3n, le dec\u00edan \u00abEl Canario\u00bb [&hellip;]<\/p>\n","protected":false},"author":4,"featured_media":14220,"comment_status":"open","ping_status":"closed","sticky":false,"template":"","format":"standard","meta":{"om_disable_all_campaigns":false,"_jetpack_memberships_contains_paid_content":false,"footnotes":""},"categories":[50,2,103],"tags":[],"class_list":["post-14218","post","type-post","status-publish","format-standard","has-post-thumbnail","hentry","category-destacadas","category-locales","category-policiales-locales"],"aioseo_notices":[],"gutentor_comment":0,"jetpack_featured_media_url":"https:\/\/eldiariodesanpedro.com.ar\/sitio\/wp-content\/uploads\/2017\/02\/DSC_0258-e1486483754617.jpg","jetpack_shortlink":"https:\/\/wp.me\/p6RhLt-3Hk","jetpack_sharing_enabled":true,"_links":{"self":[{"href":"https:\/\/eldiariodesanpedro.com.ar\/sitio\/wp-json\/wp\/v2\/posts\/14218","targetHints":{"allow":["GET"]}}],"collection":[{"href":"https:\/\/eldiariodesanpedro.com.ar\/sitio\/wp-json\/wp\/v2\/posts"}],"about":[{"href":"https:\/\/eldiariodesanpedro.com.ar\/sitio\/wp-json\/wp\/v2\/types\/post"}],"author":[{"embeddable":true,"href":"https:\/\/eldiariodesanpedro.com.ar\/sitio\/wp-json\/wp\/v2\/users\/4"}],"replies":[{"embeddable":true,"href":"https:\/\/eldiariodesanpedro.com.ar\/sitio\/wp-json\/wp\/v2\/comments?post=14218"}],"version-history":[{"count":1,"href":"https:\/\/eldiariodesanpedro.com.ar\/sitio\/wp-json\/wp\/v2\/posts\/14218\/revisions"}],"predecessor-version":[{"id":14221,"href":"https:\/\/eldiariodesanpedro.com.ar\/sitio\/wp-json\/wp\/v2\/posts\/14218\/revisions\/14221"}],"wp:featuredmedia":[{"embeddable":true,"href":"https:\/\/eldiariodesanpedro.com.ar\/sitio\/wp-json\/wp\/v2\/media\/14220"}],"wp:attachment":[{"href":"https:\/\/eldiariodesanpedro.com.ar\/sitio\/wp-json\/wp\/v2\/media?parent=14218"}],"wp:term":[{"taxonomy":"category","embeddable":true,"href":"https:\/\/eldiariodesanpedro.com.ar\/sitio\/wp-json\/wp\/v2\/categories?post=14218"},{"taxonomy":"post_tag","embeddable":true,"href":"https:\/\/eldiariodesanpedro.com.ar\/sitio\/wp-json\/wp\/v2\/tags?post=14218"}],"curies":[{"name":"wp","href":"https:\/\/api.w.org\/{rel}","templated":true}]}}