{"id":142159,"date":"2025-07-22T10:08:46","date_gmt":"2025-07-22T13:08:46","guid":{"rendered":"https:\/\/eldiariodesanpedro.com.ar\/sitio\/?p=142159"},"modified":"2025-07-22T10:10:54","modified_gmt":"2025-07-22T13:10:54","slug":"grave-accidente-de-transito-en-ruta-191-un-motociclista-resulto-gravemente-herido","status":"publish","type":"post","link":"https:\/\/eldiariodesanpedro.com.ar\/sitio\/grave-accidente-de-transito-en-ruta-191-un-motociclista-resulto-gravemente-herido\/","title":{"rendered":"Grave accidente de tr\u00e1nsito en Ruta 191: un motociclista result\u00f3 gravemente herido"},"content":{"rendered":"<!-- VideographyWP Plugin Message: Automatic video embedding prevented by plugin options. -->\n\n<p>Un <strong>violento accidente de tr\u00e1nsito<\/strong> se registr\u00f3 en la ma\u00f1ana de este lunes, <strong>alrededor de las 7 horas<\/strong>, en el <strong>acceso a San Pedro por Ruta 191<\/strong>, a la altura del kil\u00f3metro 6, <strong>a pocos metros del ingreso a la empresa Gomila Group<\/strong>.<\/p>\n\n\n\n<p>El siniestro ocurri\u00f3 cuando un <strong>autom\u00f3vil que sal\u00eda de la ciudad intent\u00f3 sobrepasar un cami\u00f3n<\/strong> e impact\u00f3 de frente contra una <strong>motocicleta que circulaba en sentido contrario, por el carril de ingreso<\/strong>.<\/p>\n\n\n\n<p>El <strong>conductor de la moto<\/strong>, un joven de <strong>23 a\u00f1os<\/strong>, fue asistido de urgencia por una <strong>ambulancia del SAME<\/strong>, presentando <strong>m\u00faltiples lesiones<\/strong>. Fue trasladado al <strong>Hospital Subzonal \u00abDr. Emilio Ruffa\u00bb<\/strong>, donde fue atendido por el servicio de emergencias y la guardia m\u00e9dica.<\/p>\n\n\n\n<p>El <strong>Dr. Jos\u00e9 Herbas<\/strong>, titular del servicio de emergencias del nosocomio, confirm\u00f3 que el motociclista <strong>no llevaba casco al momento del impacto<\/strong>, y que sufri\u00f3 un <strong>politraumatismo con trauma de cr\u00e1neo<\/strong>, por lo que estaba siendo sometido a <strong>estudios por im\u00e1genes<\/strong> para evaluar su estado.<\/p>\n\n\n\n<p>Por su parte, el <strong>conductor del autom\u00f3vil<\/strong> involucrado <strong>no present\u00f3 heridas de gravedad<\/strong>, seg\u00fan lo informado por las autoridades.<\/p>\n\n\n\n<p>En el lugar del hecho, se despleg\u00f3 un <strong>operativo de tr\u00e1nsito asistido<\/strong>, coordinado por personal municipal, a fin de <strong>facilitar las pericias ordenadas por la Justicia<\/strong>, seg\u00fan inform\u00f3 el <strong>Director de Tr\u00e1nsito, Armando Caballero<\/strong>.<\/p>\n\n\n\n<p><strong>#AccidenteRuta191 #SanPedroAccidente #MotociclistaHerido #EmergenciasSanPedro #HospitalRuffa #Tr\u00e1nsitoSanPedro #ChoqueFrontal #SeguridadVial #Politraumatismo #Ruta191Noticias<\/strong><\/p>\n\n\n\n<figure class=\"wp-block-image size-large\"><img decoding=\"async\" width=\"1024\" height=\"576\" data-attachment-id=\"142161\" data-permalink=\"https:\/\/eldiariodesanpedro.com.ar\/sitio\/grave-accidente-de-transito-en-ruta-191-un-motociclista-resulto-gravemente-herido\/medida1-9\/\" data-orig-file=\"https:\/\/eldiariodesanpedro.com.ar\/sitio\/wp-content\/uploads\/2025\/07\/medida1.jpg\" data-orig-size=\"1120,630\" data-comments-opened=\"0\" data-image-meta=\"{&quot;aperture&quot;:&quot;0&quot;,&quot;credit&quot;:&quot;&quot;,&quot;camera&quot;:&quot;&quot;,&quot;caption&quot;:&quot;&quot;,&quot;created_timestamp&quot;:&quot;0&quot;,&quot;copyright&quot;:&quot;&quot;,&quot;focal_length&quot;:&quot;0&quot;,&quot;iso&quot;:&quot;0&quot;,&quot;shutter_speed&quot;:&quot;0&quot;,&quot;title&quot;:&quot;&quot;,&quot;orientation&quot;:&quot;0&quot;}\" data-image-title=\"medida1\" data-image-description=\"\" data-image-caption=\"\" data-large-file=\"https:\/\/eldiariodesanpedro.com.ar\/sitio\/wp-content\/uploads\/2025\/07\/medida1-1024x576.jpg\" data-src=\"https:\/\/eldiariodesanpedro.com.ar\/sitio\/wp-content\/uploads\/2025\/07\/medida1-1024x576.jpg\" alt=\"\" class=\"wp-image-142161 lazyload\" data-srcset=\"https:\/\/eldiariodesanpedro.com.ar\/sitio\/wp-content\/uploads\/2025\/07\/medida1-1024x576.jpg 1024w, https:\/\/eldiariodesanpedro.com.ar\/sitio\/wp-content\/uploads\/2025\/07\/medida1-300x169.jpg 300w, https:\/\/eldiariodesanpedro.com.ar\/sitio\/wp-content\/uploads\/2025\/07\/medida1-768x432.jpg 768w, https:\/\/eldiariodesanpedro.com.ar\/sitio\/wp-content\/uploads\/2025\/07\/medida1.jpg 1120w\" data-sizes=\"(max-width: 1024px) 100vw, 1024px\" src=\"data:image\/svg+xml;base64,PHN2ZyB3aWR0aD0iMSIgaGVpZ2h0PSIxIiB4bWxucz0iaHR0cDovL3d3dy53My5vcmcvMjAwMC9zdmciPjwvc3ZnPg==\" style=\"--smush-placeholder-width: 1024px; --smush-placeholder-aspect-ratio: 1024\/576;\" \/><\/figure>\n\n\n<div class=\"wp-block-image\">\n<figure class=\"aligncenter size-full\"><img decoding=\"async\" width=\"481\" height=\"630\" data-attachment-id=\"142160\" data-permalink=\"https:\/\/eldiariodesanpedro.com.ar\/sitio\/grave-accidente-de-transito-en-ruta-191-un-motociclista-resulto-gravemente-herido\/imagen-de-whatsapp-2025-07-22-a-las-08-37-53_183e73a8\/\" data-orig-file=\"https:\/\/eldiariodesanpedro.com.ar\/sitio\/wp-content\/uploads\/2025\/07\/Imagen-de-WhatsApp-2025-07-22-a-las-08.37.53_183e73a8.jpg\" data-orig-size=\"481,630\" data-comments-opened=\"0\" data-image-meta=\"{&quot;aperture&quot;:&quot;0&quot;,&quot;credit&quot;:&quot;&quot;,&quot;camera&quot;:&quot;&quot;,&quot;caption&quot;:&quot;&quot;,&quot;created_timestamp&quot;:&quot;0&quot;,&quot;copyright&quot;:&quot;&quot;,&quot;focal_length&quot;:&quot;0&quot;,&quot;iso&quot;:&quot;0&quot;,&quot;shutter_speed&quot;:&quot;0&quot;,&quot;title&quot;:&quot;&quot;,&quot;orientation&quot;:&quot;0&quot;}\" data-image-title=\"Imagen de WhatsApp 2025-07-22 a las 08.37.53_183e73a8\" data-image-description=\"\" data-image-caption=\"\" data-large-file=\"https:\/\/eldiariodesanpedro.com.ar\/sitio\/wp-content\/uploads\/2025\/07\/Imagen-de-WhatsApp-2025-07-22-a-las-08.37.53_183e73a8.jpg\" data-src=\"https:\/\/eldiariodesanpedro.com.ar\/sitio\/wp-content\/uploads\/2025\/07\/Imagen-de-WhatsApp-2025-07-22-a-las-08.37.53_183e73a8.jpg\" alt=\"\" class=\"wp-image-142160 lazyload\" data-srcset=\"https:\/\/eldiariodesanpedro.com.ar\/sitio\/wp-content\/uploads\/2025\/07\/Imagen-de-WhatsApp-2025-07-22-a-las-08.37.53_183e73a8.jpg 481w, https:\/\/eldiariodesanpedro.com.ar\/sitio\/wp-content\/uploads\/2025\/07\/Imagen-de-WhatsApp-2025-07-22-a-las-08.37.53_183e73a8-229x300.jpg 229w\" data-sizes=\"(max-width: 481px) 100vw, 481px\" src=\"data:image\/svg+xml;base64,PHN2ZyB3aWR0aD0iMSIgaGVpZ2h0PSIxIiB4bWxucz0iaHR0cDovL3d3dy53My5vcmcvMjAwMC9zdmciPjwvc3ZnPg==\" style=\"--smush-placeholder-width: 481px; --smush-placeholder-aspect-ratio: 481\/630;\" \/><\/figure>\n<\/div>","protected":false},"excerpt":{"rendered":"<p>Un violento accidente de tr\u00e1nsito se registr\u00f3 en la ma\u00f1ana de este lunes, alrededor de las 7 horas, en el acceso a San Pedro por Ruta 191, a la altura del kil\u00f3metro 6, a pocos metros del ingreso a la empresa Gomila Group. El siniestro ocurri\u00f3 cuando un autom\u00f3vil que sal\u00eda de la ciudad intent\u00f3 [&hellip;]<\/p>\n","protected":false},"author":4,"featured_media":142163,"comment_status":"closed","ping_status":"closed","sticky":false,"template":"","format":"standard","meta":{"om_disable_all_campaigns":false,"_jetpack_memberships_contains_paid_content":false,"footnotes":""},"categories":[50,2,103],"tags":[5204,5215,5129,5216,5218,5217,5220,5219],"class_list":["post-142159","post","type-post","status-publish","format-standard","has-post-thumbnail","hentry","category-destacadas","category-locales","category-policiales-locales","tag-accidente-de-transito-san-pedro","tag-choque-moto-auto-ruta-191","tag-hospital-emilio-ruffa","tag-motociclista-herido-san-pedro","tag-pericias-accidente","tag-same-emergencias","tag-siniestro-vial-san-pedro","tag-transito-asistido"],"aioseo_notices":[],"gutentor_comment":0,"jetpack_featured_media_url":"https:\/\/eldiariodesanpedro.com.ar\/sitio\/wp-content\/uploads\/2025\/07\/medida-1-33.jpg","jetpack_shortlink":"https:\/\/wp.me\/p6RhLt-AYT","jetpack_sharing_enabled":true,"_links":{"self":[{"href":"https:\/\/eldiariodesanpedro.com.ar\/sitio\/wp-json\/wp\/v2\/posts\/142159","targetHints":{"allow":["GET"]}}],"collection":[{"href":"https:\/\/eldiariodesanpedro.com.ar\/sitio\/wp-json\/wp\/v2\/posts"}],"about":[{"href":"https:\/\/eldiariodesanpedro.com.ar\/sitio\/wp-json\/wp\/v2\/types\/post"}],"author":[{"embeddable":true,"href":"https:\/\/eldiariodesanpedro.com.ar\/sitio\/wp-json\/wp\/v2\/users\/4"}],"replies":[{"embeddable":true,"href":"https:\/\/eldiariodesanpedro.com.ar\/sitio\/wp-json\/wp\/v2\/comments?post=142159"}],"version-history":[{"count":1,"href":"https:\/\/eldiariodesanpedro.com.ar\/sitio\/wp-json\/wp\/v2\/posts\/142159\/revisions"}],"predecessor-version":[{"id":142162,"href":"https:\/\/eldiariodesanpedro.com.ar\/sitio\/wp-json\/wp\/v2\/posts\/142159\/revisions\/142162"}],"wp:featuredmedia":[{"embeddable":true,"href":"https:\/\/eldiariodesanpedro.com.ar\/sitio\/wp-json\/wp\/v2\/media\/142163"}],"wp:attachment":[{"href":"https:\/\/eldiariodesanpedro.com.ar\/sitio\/wp-json\/wp\/v2\/media?parent=142159"}],"wp:term":[{"taxonomy":"category","embeddable":true,"href":"https:\/\/eldiariodesanpedro.com.ar\/sitio\/wp-json\/wp\/v2\/categories?post=142159"},{"taxonomy":"post_tag","embeddable":true,"href":"https:\/\/eldiariodesanpedro.com.ar\/sitio\/wp-json\/wp\/v2\/tags?post=142159"}],"curies":[{"name":"wp","href":"https:\/\/api.w.org\/{rel}","templated":true}]}}