{"id":142155,"date":"2025-07-22T09:46:37","date_gmt":"2025-07-22T12:46:37","guid":{"rendered":"https:\/\/eldiariodesanpedro.com.ar\/sitio\/?p=142155"},"modified":"2025-07-22T09:46:41","modified_gmt":"2025-07-22T12:46:41","slug":"secuestran-un-automovil-robado-y-notifican-por-encubrimiento-a-un-joven-de-23-anos","status":"publish","type":"post","link":"https:\/\/eldiariodesanpedro.com.ar\/sitio\/secuestran-un-automovil-robado-y-notifican-por-encubrimiento-a-un-joven-de-23-anos\/","title":{"rendered":"Secuestran un autom\u00f3vil robado y notifican por encubrimiento a un joven de 23 a\u00f1os"},"content":{"rendered":"<!-- VideographyWP Plugin Message: Automatic video embedding prevented by plugin options. -->\n\n<p>En <strong>horas de la tarde del lunes 21 de julio<\/strong>, personal de la <strong>DDI San Pedro<\/strong> llev\u00f3 a cabo un operativo en <strong>calle Mitre, entre French y Esqui\u00fa<\/strong>, donde secuestran un autom\u00f3vil <strong>Chevrolet Onix<\/strong> en la v\u00eda p\u00fablica.<\/p>\n\n\n\n<p>Durante la verificaci\u00f3n, se constat\u00f3 que <strong>no exist\u00edan impedimentos legales<\/strong> para con los individuos, <strong>pero s\u00ed para con el veh\u00edculo<\/strong>, el cual presentaba un <strong>Pedido de Secuestro Activo<\/strong> desde el <strong>1 de febrero de 2025<\/strong>, solicitado por la <strong>UFI N\u00b07 de Lomas de Zamora<\/strong>, en el marco de una causa caratulada como <strong>Robo Agravado<\/strong>.<\/p>\n\n\n\n<p>Ante esta situaci\u00f3n, se procedi\u00f3 al <strong>secuestro del rodado<\/strong> y al <strong>traslado del conductor<\/strong>, un <strong>joven de 23 a\u00f1os domiciliado en San Pedro<\/strong>, a la sede policial para continuar con las actuaciones correspondientes.<\/p>\n\n\n\n<p>Intervino la <strong>UFI N\u00b011 del Departamento Judicial San Pedro<\/strong>, la cual <strong>aval\u00f3 el procedimiento policial<\/strong> y dispuso que se notifique al joven del <strong>inicio de actuaciones judiciales por el delito de Encubrimiento<\/strong>, sin tomar por el momento otras medidas restrictivas.<\/p>\n\n\n\n<p><strong>#SanPedro #DDI #Encubrimiento #Autom\u00f3vilRobado #ChevroletOnix #RoboAgravado #UFI11 #LomasDeZamora #Seguridad #NoticiasPoliciales #Polic\u00edaInvestigaciones #SanPedroNoticias<\/strong><\/p>\n\n\n<div class=\"wp-block-image\">\n<figure class=\"aligncenter size-full\"><img decoding=\"async\" width=\"473\" height=\"630\" data-attachment-id=\"142157\" data-permalink=\"https:\/\/eldiariodesanpedro.com.ar\/sitio\/secuestran-un-automovil-robado-y-notifican-por-encubrimiento-a-un-joven-de-23-anos\/imagen-de-whatsapp-2025-07-22-a-las-07-53-01_5c0a64bf\/\" data-orig-file=\"https:\/\/eldiariodesanpedro.com.ar\/sitio\/wp-content\/uploads\/2025\/07\/Imagen-de-WhatsApp-2025-07-22-a-las-07.53.01_5c0a64bf.jpg\" data-orig-size=\"473,630\" data-comments-opened=\"0\" data-image-meta=\"{&quot;aperture&quot;:&quot;0&quot;,&quot;credit&quot;:&quot;&quot;,&quot;camera&quot;:&quot;&quot;,&quot;caption&quot;:&quot;&quot;,&quot;created_timestamp&quot;:&quot;0&quot;,&quot;copyright&quot;:&quot;&quot;,&quot;focal_length&quot;:&quot;0&quot;,&quot;iso&quot;:&quot;0&quot;,&quot;shutter_speed&quot;:&quot;0&quot;,&quot;title&quot;:&quot;&quot;,&quot;orientation&quot;:&quot;0&quot;}\" data-image-title=\"Imagen de WhatsApp 2025-07-22 a las 07.53.01_5c0a64bf\" data-image-description=\"\" data-image-caption=\"\" data-large-file=\"https:\/\/eldiariodesanpedro.com.ar\/sitio\/wp-content\/uploads\/2025\/07\/Imagen-de-WhatsApp-2025-07-22-a-las-07.53.01_5c0a64bf.jpg\" data-src=\"https:\/\/eldiariodesanpedro.com.ar\/sitio\/wp-content\/uploads\/2025\/07\/Imagen-de-WhatsApp-2025-07-22-a-las-07.53.01_5c0a64bf.jpg\" alt=\"\" class=\"wp-image-142157 lazyload\" data-srcset=\"https:\/\/eldiariodesanpedro.com.ar\/sitio\/wp-content\/uploads\/2025\/07\/Imagen-de-WhatsApp-2025-07-22-a-las-07.53.01_5c0a64bf.jpg 473w, https:\/\/eldiariodesanpedro.com.ar\/sitio\/wp-content\/uploads\/2025\/07\/Imagen-de-WhatsApp-2025-07-22-a-las-07.53.01_5c0a64bf-225x300.jpg 225w\" data-sizes=\"(max-width: 473px) 100vw, 473px\" src=\"data:image\/svg+xml;base64,PHN2ZyB3aWR0aD0iMSIgaGVpZ2h0PSIxIiB4bWxucz0iaHR0cDovL3d3dy53My5vcmcvMjAwMC9zdmciPjwvc3ZnPg==\" style=\"--smush-placeholder-width: 473px; --smush-placeholder-aspect-ratio: 473\/630;\" \/><\/figure>\n<\/div>","protected":false},"excerpt":{"rendered":"<p>En horas de la tarde del lunes 21 de julio, personal de la DDI San Pedro llev\u00f3 a cabo un operativo en calle Mitre, entre French y Esqui\u00fa, donde secuestran un autom\u00f3vil Chevrolet Onix en la v\u00eda p\u00fablica. Durante la verificaci\u00f3n, se constat\u00f3 que no exist\u00edan impedimentos legales para con los individuos, pero s\u00ed para [&hellip;]<\/p>\n","protected":false},"author":4,"featured_media":142156,"comment_status":"closed","ping_status":"closed","sticky":false,"template":"","format":"standard","meta":{"om_disable_all_campaigns":false,"_jetpack_memberships_contains_paid_content":false,"footnotes":""},"categories":[50,101,2],"tags":[],"class_list":["post-142155","post","type-post","status-publish","format-standard","has-post-thumbnail","hentry","category-destacadas","category-interes-general-locales","category-locales"],"aioseo_notices":[],"gutentor_comment":0,"jetpack_featured_media_url":"https:\/\/eldiariodesanpedro.com.ar\/sitio\/wp-content\/uploads\/2025\/07\/Imagen-de-WhatsApp-2025-07-22-a-las-07.52.51_b74023f6.jpg","jetpack_shortlink":"https:\/\/wp.me\/p6RhLt-AYP","jetpack_sharing_enabled":true,"_links":{"self":[{"href":"https:\/\/eldiariodesanpedro.com.ar\/sitio\/wp-json\/wp\/v2\/posts\/142155","targetHints":{"allow":["GET"]}}],"collection":[{"href":"https:\/\/eldiariodesanpedro.com.ar\/sitio\/wp-json\/wp\/v2\/posts"}],"about":[{"href":"https:\/\/eldiariodesanpedro.com.ar\/sitio\/wp-json\/wp\/v2\/types\/post"}],"author":[{"embeddable":true,"href":"https:\/\/eldiariodesanpedro.com.ar\/sitio\/wp-json\/wp\/v2\/users\/4"}],"replies":[{"embeddable":true,"href":"https:\/\/eldiariodesanpedro.com.ar\/sitio\/wp-json\/wp\/v2\/comments?post=142155"}],"version-history":[{"count":1,"href":"https:\/\/eldiariodesanpedro.com.ar\/sitio\/wp-json\/wp\/v2\/posts\/142155\/revisions"}],"predecessor-version":[{"id":142158,"href":"https:\/\/eldiariodesanpedro.com.ar\/sitio\/wp-json\/wp\/v2\/posts\/142155\/revisions\/142158"}],"wp:featuredmedia":[{"embeddable":true,"href":"https:\/\/eldiariodesanpedro.com.ar\/sitio\/wp-json\/wp\/v2\/media\/142156"}],"wp:attachment":[{"href":"https:\/\/eldiariodesanpedro.com.ar\/sitio\/wp-json\/wp\/v2\/media?parent=142155"}],"wp:term":[{"taxonomy":"category","embeddable":true,"href":"https:\/\/eldiariodesanpedro.com.ar\/sitio\/wp-json\/wp\/v2\/categories?post=142155"},{"taxonomy":"post_tag","embeddable":true,"href":"https:\/\/eldiariodesanpedro.com.ar\/sitio\/wp-json\/wp\/v2\/tags?post=142155"}],"curies":[{"name":"wp","href":"https:\/\/api.w.org\/{rel}","templated":true}]}}