{"id":142151,"date":"2025-07-22T09:29:24","date_gmt":"2025-07-22T12:29:24","guid":{"rendered":"https:\/\/eldiariodesanpedro.com.ar\/sitio\/?p=142151"},"modified":"2025-07-22T09:30:37","modified_gmt":"2025-07-22T12:30:37","slug":"san-pedro-se-prepara-para-el-20o-country-music-festival-2025","status":"publish","type":"post","link":"https:\/\/eldiariodesanpedro.com.ar\/sitio\/san-pedro-se-prepara-para-el-20o-country-music-festival-2025\/","title":{"rendered":"San Pedro se prepara para el 20\u00ba Country Music Festival 2025"},"content":{"rendered":"<!-- VideographyWP Plugin Message: Automatic video embedding prevented by plugin options. -->\n\n<p><strong>El s\u00e1bado por la tarde fue presentado oficialmente el <em>San Pedro Country Music Festival 2025<\/em>, el evento musical m\u00e1s importante del a\u00f1o<\/strong>, que se llevar\u00e1 a cabo con una propuesta renovada y una destacada grilla art\u00edstica.<\/p>\n\n\n\n<p>Este a\u00f1o, <strong>el festival celebra su 20.\u00aa edici\u00f3n<\/strong>, un hito que refleja dos d\u00e9cadas de crecimiento, consolidaci\u00f3n y pasi\u00f3n por la m\u00fasica country. Desde su primera realizaci\u00f3n en el <strong>Anfiteatro del V\u00eda Crucis<\/strong>, el evento se transform\u00f3 en <strong>uno de los encuentros m\u00e1s representativos del g\u00e9nero en Argentina<\/strong>, con una identidad \u00fanica que ha trascendido a nivel nacional y regional.<\/p>\n\n\n\n<p><strong>La presentaci\u00f3n oficial estuvo encabezada por Gustavo Laurino<\/strong>, organizador del festival, junto a <strong>Valent\u00edn Bravo (Deportes), Victoria Villalba (Turismo)<\/strong> y <strong>David Kurlat (Cultura)<\/strong>, quienes destacaron el <strong>impacto cultural, tur\u00edstico y econ\u00f3mico<\/strong> que este festival genera en la ciudad.<\/p>\n\n\n\n<p>Organizado por <strong>San Pedro Country Music Festival &#8211; Argentina<\/strong> e <strong>Independencia F\u00fatbol Club<\/strong>, y con el <strong>respaldo de la Municipalidad de San Pedro<\/strong>, esta edici\u00f3n ofrecer\u00e1 <strong>casi 70 presentaciones en vivo<\/strong>, con la participaci\u00f3n de <strong>artistas de distintas provincias<\/strong> y <strong>bandas internacionales invitadas<\/strong> de <strong>Chile, Uruguay, Brasil, Estados Unidos y Per\u00fa<\/strong>.<\/p>\n\n\n\n<p><strong>El Paseo P\u00fablico volver\u00e1 a ser el escenario principal del festival<\/strong>, conservando el esp\u00edritu tradicional del country, con <strong>m\u00fasica en vivo, baile en l\u00ednea y un ambiente preparado para recibir a visitantes y vecinos<\/strong> que a\u00f1o tras a\u00f1o disfrutan de esta gran celebraci\u00f3n.<\/p>\n\n\n\n<p>Como parte de la programaci\u00f3n, el <strong>domingo 28 de julio<\/strong> se desarrollar\u00e1 tambi\u00e9n la <strong>5.\u00aa edici\u00f3n del \u201cAll Together\u201d<\/strong>, un colorido encuentro que reunir\u00e1 a <strong>escuelas y bailarines de line dance<\/strong> sobre la <strong>Avenida Costanera<\/strong>, sumando diversidad, ritmo y participaci\u00f3n a este fin de semana inolvidable.<\/p>\n\n\n\n<p><strong>#SanPedroCountryFestival #CountryMusic2025 #FestivalSanPedro #LineDanceArgentina #SanPedroEventos #TurismoSanPedro #M\u00fasicaEnVivo #AllTogether2025 #CountryArgentina #EventosCulturales #SanPedroTurismo #SanPedroCultura<\/strong><\/p>\n\n\n\n<iframe data-src=\"https:\/\/www.facebook.com\/plugins\/video.php?height=314&#038;href=https%3A%2F%2Fwww.facebook.com%2F61562291519621%2Fvideos%2F745933107811077%2F&#038;show_text=false&#038;width=560&#038;t=0\" width=\"560\" height=\"314\" style=\"border:none;overflow:hidden\" scrolling=\"no\" frameborder=\"0\" allowfullscreen=\"true\" allow=\"autoplay; clipboard-write; encrypted-media; picture-in-picture; web-share\" allowFullScreen=\"true\" src=\"data:image\/svg+xml;base64,PHN2ZyB3aWR0aD0iMSIgaGVpZ2h0PSIxIiB4bWxucz0iaHR0cDovL3d3dy53My5vcmcvMjAwMC9zdmciPjwvc3ZnPg==\" class=\"lazyload\" data-load-mode=\"1\"><\/iframe>\n","protected":false},"excerpt":{"rendered":"<p>El s\u00e1bado por la tarde fue presentado oficialmente el San Pedro Country Music Festival 2025, el evento musical m\u00e1s importante del a\u00f1o, que se llevar\u00e1 a cabo con una propuesta renovada y una destacada grilla art\u00edstica. Este a\u00f1o, el festival celebra su 20.\u00aa edici\u00f3n, un hito que refleja dos d\u00e9cadas de crecimiento, consolidaci\u00f3n y pasi\u00f3n [&hellip;]<\/p>\n","protected":false},"author":4,"featured_media":142152,"comment_status":"closed","ping_status":"closed","sticky":false,"template":"","format":"standard","meta":{"om_disable_all_campaigns":false,"_jetpack_memberships_contains_paid_content":false,"footnotes":""},"categories":[50,101,2],"tags":[],"class_list":["post-142151","post","type-post","status-publish","format-standard","has-post-thumbnail","hentry","category-destacadas","category-interes-general-locales","category-locales"],"aioseo_notices":[],"gutentor_comment":0,"jetpack_featured_media_url":"https:\/\/eldiariodesanpedro.com.ar\/sitio\/wp-content\/uploads\/2025\/07\/0000023458-resized-960x540-1.jpg","jetpack_shortlink":"https:\/\/wp.me\/p6RhLt-AYL","jetpack_sharing_enabled":true,"_links":{"self":[{"href":"https:\/\/eldiariodesanpedro.com.ar\/sitio\/wp-json\/wp\/v2\/posts\/142151","targetHints":{"allow":["GET"]}}],"collection":[{"href":"https:\/\/eldiariodesanpedro.com.ar\/sitio\/wp-json\/wp\/v2\/posts"}],"about":[{"href":"https:\/\/eldiariodesanpedro.com.ar\/sitio\/wp-json\/wp\/v2\/types\/post"}],"author":[{"embeddable":true,"href":"https:\/\/eldiariodesanpedro.com.ar\/sitio\/wp-json\/wp\/v2\/users\/4"}],"replies":[{"embeddable":true,"href":"https:\/\/eldiariodesanpedro.com.ar\/sitio\/wp-json\/wp\/v2\/comments?post=142151"}],"version-history":[{"count":1,"href":"https:\/\/eldiariodesanpedro.com.ar\/sitio\/wp-json\/wp\/v2\/posts\/142151\/revisions"}],"predecessor-version":[{"id":142154,"href":"https:\/\/eldiariodesanpedro.com.ar\/sitio\/wp-json\/wp\/v2\/posts\/142151\/revisions\/142154"}],"wp:featuredmedia":[{"embeddable":true,"href":"https:\/\/eldiariodesanpedro.com.ar\/sitio\/wp-json\/wp\/v2\/media\/142152"}],"wp:attachment":[{"href":"https:\/\/eldiariodesanpedro.com.ar\/sitio\/wp-json\/wp\/v2\/media?parent=142151"}],"wp:term":[{"taxonomy":"category","embeddable":true,"href":"https:\/\/eldiariodesanpedro.com.ar\/sitio\/wp-json\/wp\/v2\/categories?post=142151"},{"taxonomy":"post_tag","embeddable":true,"href":"https:\/\/eldiariodesanpedro.com.ar\/sitio\/wp-json\/wp\/v2\/tags?post=142151"}],"curies":[{"name":"wp","href":"https:\/\/api.w.org\/{rel}","templated":true}]}}