{"id":142142,"date":"2025-07-22T08:54:06","date_gmt":"2025-07-22T11:54:06","guid":{"rendered":"https:\/\/eldiariodesanpedro.com.ar\/sitio\/?p=142142"},"modified":"2025-07-22T08:54:10","modified_gmt":"2025-07-22T11:54:10","slug":"san-pedro-se-prepara-para-la-7-a-fiesta-de-la-naranja-de-ombligo-con-dos-jornadas-a-puro-sabor-y-cultura","status":"publish","type":"post","link":"https:\/\/eldiariodesanpedro.com.ar\/sitio\/san-pedro-se-prepara-para-la-7-a-fiesta-de-la-naranja-de-ombligo-con-dos-jornadas-a-puro-sabor-y-cultura\/","title":{"rendered":"San Pedro se prepara para la 7.\u00aa Fiesta de la Naranja de Ombligo con dos jornadas a puro sabor y cultura"},"content":{"rendered":"<!-- VideographyWP Plugin Message: Automatic video embedding prevented by plugin options. -->\n\n<p>La <strong>Municipalidad de San Pedro<\/strong> invita a la comunidad a participar de la <strong>S\u00e9ptima Fiesta de la Naranja de Ombligo<\/strong>, un evento que se llevar\u00e1 a cabo el <strong>s\u00e1bado 26 y domingo 27 de julio<\/strong> frente al <strong>Palacio Municipal<\/strong>, con una variada oferta <strong>cultural, art\u00edstica y gastron\u00f3mica<\/strong> pensada para disfrutar en familia.<\/p>\n\n\n\n<p>Esta celebraci\u00f3n busca <strong>revalorizar uno de los productos m\u00e1s emblem\u00e1ticos de la regi\u00f3n<\/strong>, destacando su importancia a trav\u00e9s de diversas propuestas como un <strong>patio gastron\u00f3mico<\/strong>, <strong>asador criollo<\/strong> y la ya tradicional <strong>feria de artesanos y emprendedores<\/strong>, donde se podr\u00e1n encontrar productos y elaboraciones locales de gran calidad.<\/p>\n\n\n\n<p>Durante ambas jornadas, el p\u00fablico podr\u00e1 disfrutar de <strong>shows musicales en vivo<\/strong>, con la participaci\u00f3n de artistas y agrupaciones locales de distintos g\u00e9neros, as\u00ed como tambi\u00e9n de <strong>expresiones art\u00edsticas, danzas y exhibiciones<\/strong>.<\/p>\n\n\n\n<p>La <strong>grilla del s\u00e1bado 26 de julio<\/strong> incluye las presentaciones de:<br><strong>Yon Cuyan<\/strong>, <strong>Amor y Pasi\u00f3n por el Tango y La Victrolera<\/strong>, <strong>Leonel Mamberto<\/strong>, <strong>Urban Baby<\/strong>, <strong>La Nave de Arnaldo<\/strong>, <strong>Sebasti\u00e1n D\u00edaz Ramos<\/strong>, <strong>Gimnasio MD<\/strong>, <strong>The Reason<\/strong>, <strong>The Cowboys Stomp SP<\/strong> y <strong>Misa Ricotera<\/strong>.<\/p>\n\n\n\n<p>El <strong>domingo 27 de julio<\/strong>, la fiesta continuar\u00e1 con:<br><strong>Amigos de la Danza<\/strong>, <strong>El Parrandero<\/strong>, <strong>Claudio Vargas y Ana Hidalgo<\/strong> con su espect\u00e1culo de tango, <strong>Joel Egel<\/strong>, <strong>Alma Comercial<\/strong>, <strong>Pablito y La SPB<\/strong>, <strong>Pialando Recuerdo<\/strong>, <strong>Los Chalas<\/strong>, <strong>El Hormiguero<\/strong> y el <strong>gran cierre a cargo de Los Primicieros<\/strong>.<\/p>\n\n\n\n<p>Con entrada libre y gratuita, esta fiesta se consolida como un <strong>evento tur\u00edstico y cultural de referencia<\/strong> en la regi\u00f3n, promoviendo la identidad local y el trabajo de emprendedores y artistas sampedrinos.<\/p>\n\n\n\n<p><strong>#FiestaDeLaNaranjaDeOmbligo #SanPedro2025 #TurismoSanPedro #CulturaSanPedro #Gastronom\u00edaLocal #ArtesanosSanPedro #EventosSanPedro #M\u00fasicaEnVivo #NaranjaDeOmbligo #EmprendedoresLocales<\/strong><\/p>\n\n\n\n<figure class=\"wp-block-image size-large\"><img decoding=\"async\" width=\"1024\" height=\"479\" data-attachment-id=\"142145\" data-permalink=\"https:\/\/eldiariodesanpedro.com.ar\/sitio\/san-pedro-se-prepara-para-la-7-a-fiesta-de-la-naranja-de-ombligo-con-dos-jornadas-a-puro-sabor-y-cultura\/487249149_9464106120350645_3795274302559829643_n-2\/\" data-orig-file=\"https:\/\/eldiariodesanpedro.com.ar\/sitio\/wp-content\/uploads\/2025\/07\/487249149_9464106120350645_3795274302559829643_n-1.jpg\" data-orig-size=\"1200,561\" data-comments-opened=\"0\" data-image-meta=\"{&quot;aperture&quot;:&quot;0&quot;,&quot;credit&quot;:&quot;&quot;,&quot;camera&quot;:&quot;&quot;,&quot;caption&quot;:&quot;&quot;,&quot;created_timestamp&quot;:&quot;0&quot;,&quot;copyright&quot;:&quot;&quot;,&quot;focal_length&quot;:&quot;0&quot;,&quot;iso&quot;:&quot;0&quot;,&quot;shutter_speed&quot;:&quot;0&quot;,&quot;title&quot;:&quot;&quot;,&quot;orientation&quot;:&quot;0&quot;}\" data-image-title=\"487249149_9464106120350645_3795274302559829643_n\" data-image-description=\"\" data-image-caption=\"\" data-large-file=\"https:\/\/eldiariodesanpedro.com.ar\/sitio\/wp-content\/uploads\/2025\/07\/487249149_9464106120350645_3795274302559829643_n-1-1024x479.jpg\" data-src=\"https:\/\/eldiariodesanpedro.com.ar\/sitio\/wp-content\/uploads\/2025\/07\/487249149_9464106120350645_3795274302559829643_n-1-1024x479.jpg\" alt=\"\" class=\"wp-image-142145 lazyload\" data-srcset=\"https:\/\/eldiariodesanpedro.com.ar\/sitio\/wp-content\/uploads\/2025\/07\/487249149_9464106120350645_3795274302559829643_n-1-1024x479.jpg 1024w, https:\/\/eldiariodesanpedro.com.ar\/sitio\/wp-content\/uploads\/2025\/07\/487249149_9464106120350645_3795274302559829643_n-1-300x140.jpg 300w, https:\/\/eldiariodesanpedro.com.ar\/sitio\/wp-content\/uploads\/2025\/07\/487249149_9464106120350645_3795274302559829643_n-1-768x359.jpg 768w, https:\/\/eldiariodesanpedro.com.ar\/sitio\/wp-content\/uploads\/2025\/07\/487249149_9464106120350645_3795274302559829643_n-1.jpg 1200w\" data-sizes=\"(max-width: 1024px) 100vw, 1024px\" src=\"data:image\/svg+xml;base64,PHN2ZyB3aWR0aD0iMSIgaGVpZ2h0PSIxIiB4bWxucz0iaHR0cDovL3d3dy53My5vcmcvMjAwMC9zdmciPjwvc3ZnPg==\" style=\"--smush-placeholder-width: 1024px; --smush-placeholder-aspect-ratio: 1024\/479;\" \/><\/figure>\n\n\n\n<div class=\"wp-block-jetpack-slideshow aligncenter\" data-effect=\"slide\"><div class=\"wp-block-jetpack-slideshow_container swiper-container\"><ul class=\"wp-block-jetpack-slideshow_swiper-wrapper swiper-wrapper\"><li class=\"wp-block-jetpack-slideshow_slide swiper-slide\"><figure><img decoding=\"async\" width=\"504\" height=\"630\" alt=\"\" class=\"wp-block-jetpack-slideshow_image wp-image-142148 lazyload\" data-id=\"142148\" data-src=\"https:\/\/eldiariodesanpedro.com.ar\/sitio\/wp-content\/uploads\/2025\/07\/Imagen-de-WhatsApp-2025-07-21-a-las-13.38.14_fcf28afb-1.jpg\" data-srcset=\"https:\/\/eldiariodesanpedro.com.ar\/sitio\/wp-content\/uploads\/2025\/07\/Imagen-de-WhatsApp-2025-07-21-a-las-13.38.14_fcf28afb-1.jpg 504w, https:\/\/eldiariodesanpedro.com.ar\/sitio\/wp-content\/uploads\/2025\/07\/Imagen-de-WhatsApp-2025-07-21-a-las-13.38.14_fcf28afb-1-240x300.jpg 240w\" data-sizes=\"(max-width: 504px) 100vw, 504px\" src=\"data:image\/svg+xml;base64,PHN2ZyB3aWR0aD0iMSIgaGVpZ2h0PSIxIiB4bWxucz0iaHR0cDovL3d3dy53My5vcmcvMjAwMC9zdmciPjwvc3ZnPg==\" style=\"--smush-placeholder-width: 504px; --smush-placeholder-aspect-ratio: 504\/630;\" \/><\/figure><\/li><li class=\"wp-block-jetpack-slideshow_slide swiper-slide\"><figure><img decoding=\"async\" width=\"504\" height=\"630\" alt=\"\" class=\"wp-block-jetpack-slideshow_image wp-image-142149 lazyload\" data-id=\"142149\" data-src=\"https:\/\/eldiariodesanpedro.com.ar\/sitio\/wp-content\/uploads\/2025\/07\/Imagen-de-WhatsApp-2025-07-21-a-las-13.38.15_60667a60-1.jpg\" data-srcset=\"https:\/\/eldiariodesanpedro.com.ar\/sitio\/wp-content\/uploads\/2025\/07\/Imagen-de-WhatsApp-2025-07-21-a-las-13.38.15_60667a60-1.jpg 504w, https:\/\/eldiariodesanpedro.com.ar\/sitio\/wp-content\/uploads\/2025\/07\/Imagen-de-WhatsApp-2025-07-21-a-las-13.38.15_60667a60-1-240x300.jpg 240w\" data-sizes=\"(max-width: 504px) 100vw, 504px\" src=\"data:image\/svg+xml;base64,PHN2ZyB3aWR0aD0iMSIgaGVpZ2h0PSIxIiB4bWxucz0iaHR0cDovL3d3dy53My5vcmcvMjAwMC9zdmciPjwvc3ZnPg==\" style=\"--smush-placeholder-width: 504px; --smush-placeholder-aspect-ratio: 504\/630;\" \/><\/figure><\/li><\/ul><a class=\"wp-block-jetpack-slideshow_button-prev swiper-button-prev swiper-button-white\" role=\"button\"><\/a><a class=\"wp-block-jetpack-slideshow_button-next swiper-button-next swiper-button-white\" role=\"button\"><\/a><a aria-label=\"Pause Slideshow\" class=\"wp-block-jetpack-slideshow_button-pause\" role=\"button\"><\/a><div class=\"wp-block-jetpack-slideshow_pagination swiper-pagination swiper-pagination-white\"><\/div><\/div><\/div>\n","protected":false},"excerpt":{"rendered":"<p>La Municipalidad de San Pedro invita a la comunidad a participar de la S\u00e9ptima Fiesta de la Naranja de Ombligo, un evento que se llevar\u00e1 a cabo el s\u00e1bado 26 y domingo 27 de julio frente al Palacio Municipal, con una variada oferta cultural, art\u00edstica y gastron\u00f3mica pensada para disfrutar en familia. Esta celebraci\u00f3n busca [&hellip;]<\/p>\n","protected":false},"author":4,"featured_media":142144,"comment_status":"closed","ping_status":"closed","sticky":false,"template":"","format":"standard","meta":{"om_disable_all_campaigns":false,"_jetpack_memberships_contains_paid_content":false,"footnotes":""},"categories":[50,101,2],"tags":[],"class_list":["post-142142","post","type-post","status-publish","format-standard","has-post-thumbnail","hentry","category-destacadas","category-interes-general-locales","category-locales"],"aioseo_notices":[],"gutentor_comment":0,"jetpack_featured_media_url":"https:\/\/eldiariodesanpedro.com.ar\/sitio\/wp-content\/uploads\/2025\/07\/487308918_9464106060350651_2777603754073661148_n.jpg","jetpack_shortlink":"https:\/\/wp.me\/p6RhLt-AYC","jetpack_sharing_enabled":true,"_links":{"self":[{"href":"https:\/\/eldiariodesanpedro.com.ar\/sitio\/wp-json\/wp\/v2\/posts\/142142","targetHints":{"allow":["GET"]}}],"collection":[{"href":"https:\/\/eldiariodesanpedro.com.ar\/sitio\/wp-json\/wp\/v2\/posts"}],"about":[{"href":"https:\/\/eldiariodesanpedro.com.ar\/sitio\/wp-json\/wp\/v2\/types\/post"}],"author":[{"embeddable":true,"href":"https:\/\/eldiariodesanpedro.com.ar\/sitio\/wp-json\/wp\/v2\/users\/4"}],"replies":[{"embeddable":true,"href":"https:\/\/eldiariodesanpedro.com.ar\/sitio\/wp-json\/wp\/v2\/comments?post=142142"}],"version-history":[{"count":1,"href":"https:\/\/eldiariodesanpedro.com.ar\/sitio\/wp-json\/wp\/v2\/posts\/142142\/revisions"}],"predecessor-version":[{"id":142150,"href":"https:\/\/eldiariodesanpedro.com.ar\/sitio\/wp-json\/wp\/v2\/posts\/142142\/revisions\/142150"}],"wp:featuredmedia":[{"embeddable":true,"href":"https:\/\/eldiariodesanpedro.com.ar\/sitio\/wp-json\/wp\/v2\/media\/142144"}],"wp:attachment":[{"href":"https:\/\/eldiariodesanpedro.com.ar\/sitio\/wp-json\/wp\/v2\/media?parent=142142"}],"wp:term":[{"taxonomy":"category","embeddable":true,"href":"https:\/\/eldiariodesanpedro.com.ar\/sitio\/wp-json\/wp\/v2\/categories?post=142142"},{"taxonomy":"post_tag","embeddable":true,"href":"https:\/\/eldiariodesanpedro.com.ar\/sitio\/wp-json\/wp\/v2\/tags?post=142142"}],"curies":[{"name":"wp","href":"https:\/\/api.w.org\/{rel}","templated":true}]}}