{"id":14214,"date":"2017-02-07T09:46:00","date_gmt":"2017-02-07T12:46:00","guid":{"rendered":"https:\/\/eldiariodesanpedro.com.ar\/sitio\/?p=14214"},"modified":"2017-02-07T09:46:00","modified_gmt":"2017-02-07T12:46:00","slug":"desde-las-cataratas-hasta-los-glaciares","status":"publish","type":"post","link":"https:\/\/eldiariodesanpedro.com.ar\/sitio\/desde-las-cataratas-hasta-los-glaciares\/","title":{"rendered":"Desde las cataratas hasta los glaciares"},"content":{"rendered":"<p><!-- VideographyWP Plugin Message: Automatic video embedding prevented by plugin options. --><br \/>\nMuestra fotogr\u00e1fica de Germ\u00e1n Tettamanti en el Museo Paleontol\u00f3gico de San Pedro.<\/p>\n<p>El Museo Paleontol\u00f3gico de San Pedro invita a sampedrinos y visitantes a recorrer sus salas y disfrutar de una muestra fotogr\u00e1fica que nos acerca una parte importante de la biodiversidad que atesoran los m\u00e1s remotos rincones de nuestro pa\u00eds.<\/p>\n<p>En sus viajes por Argentina, Germ\u00e1n Tettamanti, estudiante avanzado de biolog\u00eda, ha recopilado decenas de im\u00e1genes de los m\u00e1s diversos seres que habitan nuestro territorio.<\/p>\n<p>En una cuidadosa selecci\u00f3n de 31 fotograf\u00edas, nos ofrece un repaso por aves, mam\u00edferos y reptiles de puntos tan distantes como Misiones, Mendoza, Santa Cruz, la costa atl\u00e1ntica o la llanura pampeana.<\/p>\n<p>Curiosos animales como la lagartija de las dunas (que desaparece entre la arena al sentirse en peligro), el sapito pintado (t\u00f3xico para sus depredadores) o el rat\u00f3n del altiplano (fotografiado en el Aconcagua), se muestran con recelo a la c\u00e1mara de Tettamanti.<\/p>\n<p>La muestra estar\u00e1 a disposici\u00f3n de los visitantes como una nueva propuesta del Museo, desde el 7 al 28 de febrero, inclusive.<br \/>\nEl Museo abre los martes, viernes, s\u00e1bados y domingos, de 09 a 12 y de 16 a 19 hs.<\/p>\n","protected":false},"excerpt":{"rendered":"<p>Muestra fotogr\u00e1fica de Germ\u00e1n Tettamanti en el Museo Paleontol\u00f3gico de San Pedro. El Museo Paleontol\u00f3gico de San Pedro invita a sampedrinos y visitantes a recorrer sus salas y disfrutar de una muestra fotogr\u00e1fica que nos acerca una parte importante de la biodiversidad que atesoran los m\u00e1s remotos rincones de nuestro pa\u00eds. En sus viajes por [&hellip;]<\/p>\n","protected":false},"author":4,"featured_media":14215,"comment_status":"open","ping_status":"closed","sticky":false,"template":"","format":"standard","meta":{"om_disable_all_campaigns":false,"_jetpack_memberships_contains_paid_content":false,"footnotes":""},"categories":[101,2],"tags":[],"class_list":["post-14214","post","type-post","status-publish","format-standard","has-post-thumbnail","hentry","category-interes-general-locales","category-locales"],"aioseo_notices":[],"gutentor_comment":0,"jetpack_featured_media_url":"https:\/\/eldiariodesanpedro.com.ar\/sitio\/wp-content\/uploads\/2017\/02\/1.png","jetpack_shortlink":"https:\/\/wp.me\/p6RhLt-3Hg","jetpack_sharing_enabled":true,"_links":{"self":[{"href":"https:\/\/eldiariodesanpedro.com.ar\/sitio\/wp-json\/wp\/v2\/posts\/14214","targetHints":{"allow":["GET"]}}],"collection":[{"href":"https:\/\/eldiariodesanpedro.com.ar\/sitio\/wp-json\/wp\/v2\/posts"}],"about":[{"href":"https:\/\/eldiariodesanpedro.com.ar\/sitio\/wp-json\/wp\/v2\/types\/post"}],"author":[{"embeddable":true,"href":"https:\/\/eldiariodesanpedro.com.ar\/sitio\/wp-json\/wp\/v2\/users\/4"}],"replies":[{"embeddable":true,"href":"https:\/\/eldiariodesanpedro.com.ar\/sitio\/wp-json\/wp\/v2\/comments?post=14214"}],"version-history":[{"count":1,"href":"https:\/\/eldiariodesanpedro.com.ar\/sitio\/wp-json\/wp\/v2\/posts\/14214\/revisions"}],"predecessor-version":[{"id":14216,"href":"https:\/\/eldiariodesanpedro.com.ar\/sitio\/wp-json\/wp\/v2\/posts\/14214\/revisions\/14216"}],"wp:featuredmedia":[{"embeddable":true,"href":"https:\/\/eldiariodesanpedro.com.ar\/sitio\/wp-json\/wp\/v2\/media\/14215"}],"wp:attachment":[{"href":"https:\/\/eldiariodesanpedro.com.ar\/sitio\/wp-json\/wp\/v2\/media?parent=14214"}],"wp:term":[{"taxonomy":"category","embeddable":true,"href":"https:\/\/eldiariodesanpedro.com.ar\/sitio\/wp-json\/wp\/v2\/categories?post=14214"},{"taxonomy":"post_tag","embeddable":true,"href":"https:\/\/eldiariodesanpedro.com.ar\/sitio\/wp-json\/wp\/v2\/tags?post=14214"}],"curies":[{"name":"wp","href":"https:\/\/api.w.org\/{rel}","templated":true}]}}