{"id":14211,"date":"2017-02-07T08:57:49","date_gmt":"2017-02-07T11:57:49","guid":{"rendered":"https:\/\/eldiariodesanpedro.com.ar\/sitio\/?p=14211"},"modified":"2017-02-07T08:57:49","modified_gmt":"2017-02-07T11:57:49","slug":"detenido-por-romper-uno-de-los-cajeros-automaticos-del-banco-nacion","status":"publish","type":"post","link":"https:\/\/eldiariodesanpedro.com.ar\/sitio\/detenido-por-romper-uno-de-los-cajeros-automaticos-del-banco-nacion\/","title":{"rendered":"Detenido por romper uno de los cajeros autom\u00e1ticos del Banco Naci\u00f3n"},"content":{"rendered":"<p><!-- VideographyWP Plugin Message: Automatic video embedding prevented by plugin options. --><br \/>\nPersonal policial procedio a la aprehensi\u00f3n de un joven quien se hallaba en el sector de cajeros del Banco Naci\u00f3n, en el lugar est\u00e1 persona intentaba romper la pantalla t\u00e1ctil de uno de los cajeros autom\u00e1ticos con un pedazo de ladrillo como as\u00ed tambi\u00e9n proponi\u00e9ndole patadas a la cobertura de madera que rodea al mismo y al llegar al lugar el m\u00f3vil policial este sujeto contin\u00faa con su actitud hostil, motivo por el que fue trasladado a la comisar\u00eda local. <\/p>\n","protected":false},"excerpt":{"rendered":"<p>Personal policial procedio a la aprehensi\u00f3n de un joven quien se hallaba en el sector de cajeros del Banco Naci\u00f3n, en el lugar est\u00e1 persona intentaba romper la pantalla t\u00e1ctil de uno de los cajeros autom\u00e1ticos con un pedazo de ladrillo como as\u00ed tambi\u00e9n proponi\u00e9ndole patadas a la cobertura de madera que rodea al mismo [&hellip;]<\/p>\n","protected":false},"author":4,"featured_media":14212,"comment_status":"open","ping_status":"closed","sticky":false,"template":"","format":"standard","meta":{"om_disable_all_campaigns":false,"_jetpack_memberships_contains_paid_content":false,"footnotes":""},"categories":[2,103],"tags":[],"class_list":["post-14211","post","type-post","status-publish","format-standard","has-post-thumbnail","hentry","category-locales","category-policiales-locales"],"aioseo_notices":[],"gutentor_comment":0,"jetpack_featured_media_url":"https:\/\/eldiariodesanpedro.com.ar\/sitio\/wp-content\/uploads\/2017\/02\/Polic\u00eda-Banco-Naci\u00f3n.jpg","jetpack_shortlink":"https:\/\/wp.me\/p6RhLt-3Hd","jetpack_sharing_enabled":true,"_links":{"self":[{"href":"https:\/\/eldiariodesanpedro.com.ar\/sitio\/wp-json\/wp\/v2\/posts\/14211","targetHints":{"allow":["GET"]}}],"collection":[{"href":"https:\/\/eldiariodesanpedro.com.ar\/sitio\/wp-json\/wp\/v2\/posts"}],"about":[{"href":"https:\/\/eldiariodesanpedro.com.ar\/sitio\/wp-json\/wp\/v2\/types\/post"}],"author":[{"embeddable":true,"href":"https:\/\/eldiariodesanpedro.com.ar\/sitio\/wp-json\/wp\/v2\/users\/4"}],"replies":[{"embeddable":true,"href":"https:\/\/eldiariodesanpedro.com.ar\/sitio\/wp-json\/wp\/v2\/comments?post=14211"}],"version-history":[{"count":1,"href":"https:\/\/eldiariodesanpedro.com.ar\/sitio\/wp-json\/wp\/v2\/posts\/14211\/revisions"}],"predecessor-version":[{"id":14213,"href":"https:\/\/eldiariodesanpedro.com.ar\/sitio\/wp-json\/wp\/v2\/posts\/14211\/revisions\/14213"}],"wp:featuredmedia":[{"embeddable":true,"href":"https:\/\/eldiariodesanpedro.com.ar\/sitio\/wp-json\/wp\/v2\/media\/14212"}],"wp:attachment":[{"href":"https:\/\/eldiariodesanpedro.com.ar\/sitio\/wp-json\/wp\/v2\/media?parent=14211"}],"wp:term":[{"taxonomy":"category","embeddable":true,"href":"https:\/\/eldiariodesanpedro.com.ar\/sitio\/wp-json\/wp\/v2\/categories?post=14211"},{"taxonomy":"post_tag","embeddable":true,"href":"https:\/\/eldiariodesanpedro.com.ar\/sitio\/wp-json\/wp\/v2\/tags?post=14211"}],"curies":[{"name":"wp","href":"https:\/\/api.w.org\/{rel}","templated":true}]}}