{"id":14207,"date":"2017-02-07T08:22:11","date_gmt":"2017-02-07T11:22:11","guid":{"rendered":"https:\/\/eldiariodesanpedro.com.ar\/sitio\/?p=14207"},"modified":"2017-02-07T08:22:11","modified_gmt":"2017-02-07T11:22:11","slug":"accidente-entre-una-bicicleta-y-una-moto","status":"publish","type":"post","link":"https:\/\/eldiariodesanpedro.com.ar\/sitio\/accidente-entre-una-bicicleta-y-una-moto\/","title":{"rendered":"Accidente entre una bicicleta y una moto"},"content":{"rendered":"<p><!-- VideographyWP Plugin Message: Automatic video embedding prevented by plugin options. --><br \/>\nEn el d\u00eda de ayer alrededor de las 12:15 hs se tom\u00f3 conocimiento por parte de la comisar\u00eda local que en las calles Miguel Porta y Saavedra colisionaron una bicicleta guiada por una mujer mayor de edad y una motocicleta 110 cc conducida por un joven. <\/p>\n<p>Seg\u00fan los testimonios de las personas involucradas en este accidente al llegar la moto a la bocacalle no logra llegar a detenerse  por alg\u00fan desperfecto mec\u00e1nico en sus frenos oblig\u00e1ndolo a realizar una maniobra brusca que le hace perder la estabilidad del rodado colisionando a alta velocidad a la bicicleta volteando a la se\u00f1ora y provoc\u00e1ndole lesiones. <\/p>\n<p>Seg\u00fan el informe m\u00e9dico de la guardia la mujer presenta politraumatismos en brazo izquierdo y el joven presenta rotura de ligamentos. Ambos fueron dados de alta. <\/p>\n","protected":false},"excerpt":{"rendered":"<p>En el d\u00eda de ayer alrededor de las 12:15 hs se tom\u00f3 conocimiento por parte de la comisar\u00eda local que en las calles Miguel Porta y Saavedra colisionaron una bicicleta guiada por una mujer mayor de edad y una motocicleta 110 cc conducida por un joven. Seg\u00fan los testimonios de las personas involucradas en este [&hellip;]<\/p>\n","protected":false},"author":4,"featured_media":2624,"comment_status":"open","ping_status":"closed","sticky":false,"template":"","format":"standard","meta":{"om_disable_all_campaigns":false,"_jetpack_memberships_contains_paid_content":false,"footnotes":""},"categories":[50,2,103],"tags":[],"class_list":["post-14207","post","type-post","status-publish","format-standard","has-post-thumbnail","hentry","category-destacadas","category-locales","category-policiales-locales"],"aioseo_notices":[],"gutentor_comment":0,"jetpack_featured_media_url":"https:\/\/eldiariodesanpedro.com.ar\/sitio\/wp-content\/uploads\/2016\/04\/guardia.jpg","jetpack_shortlink":"https:\/\/wp.me\/p6RhLt-3H9","jetpack_sharing_enabled":true,"_links":{"self":[{"href":"https:\/\/eldiariodesanpedro.com.ar\/sitio\/wp-json\/wp\/v2\/posts\/14207","targetHints":{"allow":["GET"]}}],"collection":[{"href":"https:\/\/eldiariodesanpedro.com.ar\/sitio\/wp-json\/wp\/v2\/posts"}],"about":[{"href":"https:\/\/eldiariodesanpedro.com.ar\/sitio\/wp-json\/wp\/v2\/types\/post"}],"author":[{"embeddable":true,"href":"https:\/\/eldiariodesanpedro.com.ar\/sitio\/wp-json\/wp\/v2\/users\/4"}],"replies":[{"embeddable":true,"href":"https:\/\/eldiariodesanpedro.com.ar\/sitio\/wp-json\/wp\/v2\/comments?post=14207"}],"version-history":[{"count":1,"href":"https:\/\/eldiariodesanpedro.com.ar\/sitio\/wp-json\/wp\/v2\/posts\/14207\/revisions"}],"predecessor-version":[{"id":14208,"href":"https:\/\/eldiariodesanpedro.com.ar\/sitio\/wp-json\/wp\/v2\/posts\/14207\/revisions\/14208"}],"wp:featuredmedia":[{"embeddable":true,"href":"https:\/\/eldiariodesanpedro.com.ar\/sitio\/wp-json\/wp\/v2\/media\/2624"}],"wp:attachment":[{"href":"https:\/\/eldiariodesanpedro.com.ar\/sitio\/wp-json\/wp\/v2\/media?parent=14207"}],"wp:term":[{"taxonomy":"category","embeddable":true,"href":"https:\/\/eldiariodesanpedro.com.ar\/sitio\/wp-json\/wp\/v2\/categories?post=14207"},{"taxonomy":"post_tag","embeddable":true,"href":"https:\/\/eldiariodesanpedro.com.ar\/sitio\/wp-json\/wp\/v2\/tags?post=14207"}],"curies":[{"name":"wp","href":"https:\/\/api.w.org\/{rel}","templated":true}]}}