{"id":14202,"date":"2017-02-06T21:20:49","date_gmt":"2017-02-07T00:20:49","guid":{"rendered":"https:\/\/eldiariodesanpedro.com.ar\/sitio\/?p=14202"},"modified":"2026-01-24T00:31:05","modified_gmt":"2026-01-24T03:31:05","slug":"el-espiritu-olimpico-en-el-cenard-yog-buenos-aires-2018","status":"publish","type":"post","link":"https:\/\/eldiariodesanpedro.com.ar\/sitio\/el-espiritu-olimpico-en-el-cenard-yog-buenos-aires-2018\/","title":{"rendered":"El esp\u00edritu Ol\u00edmpico en el Cenard: Yog Buenos Aires 2018"},"content":{"rendered":"<p><!-- VideographyWP Plugin Message: Automatic video embedding prevented by plugin options. --><br \/>\nDio inicio al Campus 2018, destinado a los mejores 530 j\u00f3venes atletas que sue\u00f1an con representar al pa\u00eds en los Juegos Ol\u00edmpicos Buenos Aires 2018.<\/p>\n<p>Provenientes de las 24 provincias y de 29 deportes, chicos y chicas de 14 a 17 a\u00f1os. En el Estadio Polideportivo Leon Najnudel, los chicos y sus entrenadores se acreditaron y luego fueron provistos de la indumentaria oficial del Campus.<\/p>\n<p>Luego de una ma\u00f1ana libre, con tiempo de sobra para recorrer las instalaciones y acomodarse en las habitaciones del hotel del CeNARD, muchos equipos comenzaron con sus primeros entrenamientos y evaluaciones m\u00e9dicas. En los deportes n\u00e1uticos est\u00e1 la esperanza del deporte sampedrino. El \u00fanico que hasta el momento fue parte de un juego de este tipo fue Kevin Esp\u00edndola (boxeo) en Nanjing 2014.<\/p>\n<p>El evento, el primero organizado en conjunto por la Secretar\u00eda de Deporte, Educaci\u00f3n F\u00edsica y Recreaci\u00f3n de la Naci\u00f3n, el Comit\u00e9 Ol\u00edmpico Argentino (COA), el Comit\u00e9 Organizador de los Juegos Ol\u00edmpicos de la Juventud Buenos Aires 2018 (BAYOGOC) y el ENARD, contin\u00faa ma\u00f1ana y se extiende hasta el domingo 12 de febrero.<\/p>\n","protected":false},"excerpt":{"rendered":"<p>Dio inicio al Campus 2018, destinado a los mejores 530 j\u00f3venes atletas que sue\u00f1an con representar al pa\u00eds en los Juegos Ol\u00edmpicos Buenos Aires 2018. Provenientes de las 24 provincias y de 29 deportes, chicos y chicas de 14 a 17 a\u00f1os. En el Estadio Polideportivo Leon Najnudel, los chicos y sus entrenadores se acreditaron [&hellip;]<\/p>\n","protected":false},"author":4,"featured_media":14203,"comment_status":"open","ping_status":"closed","sticky":false,"template":"","format":"standard","meta":{"om_disable_all_campaigns":false,"_jetpack_memberships_contains_paid_content":false,"footnotes":""},"categories":[5],"tags":[],"class_list":["post-14202","post","type-post","status-publish","format-standard","has-post-thumbnail","hentry","category-deportes"],"aioseo_notices":[],"gutentor_comment":0,"jetpack_featured_media_url":"https:\/\/eldiariodesanpedro.com.ar\/sitio\/wp-content\/uploads\/2017\/02\/El-sue\u00f1o-de-muchos-deportistas-est\u00e1-en-Bs.-As.-2018.jpg","jetpack_shortlink":"https:\/\/wp.me\/p6RhLt-3H4","jetpack_sharing_enabled":true,"_links":{"self":[{"href":"https:\/\/eldiariodesanpedro.com.ar\/sitio\/wp-json\/wp\/v2\/posts\/14202","targetHints":{"allow":["GET"]}}],"collection":[{"href":"https:\/\/eldiariodesanpedro.com.ar\/sitio\/wp-json\/wp\/v2\/posts"}],"about":[{"href":"https:\/\/eldiariodesanpedro.com.ar\/sitio\/wp-json\/wp\/v2\/types\/post"}],"author":[{"embeddable":true,"href":"https:\/\/eldiariodesanpedro.com.ar\/sitio\/wp-json\/wp\/v2\/users\/4"}],"replies":[{"embeddable":true,"href":"https:\/\/eldiariodesanpedro.com.ar\/sitio\/wp-json\/wp\/v2\/comments?post=14202"}],"version-history":[{"count":1,"href":"https:\/\/eldiariodesanpedro.com.ar\/sitio\/wp-json\/wp\/v2\/posts\/14202\/revisions"}],"predecessor-version":[{"id":14204,"href":"https:\/\/eldiariodesanpedro.com.ar\/sitio\/wp-json\/wp\/v2\/posts\/14202\/revisions\/14204"}],"wp:featuredmedia":[{"embeddable":true,"href":"https:\/\/eldiariodesanpedro.com.ar\/sitio\/wp-json\/wp\/v2\/media\/14203"}],"wp:attachment":[{"href":"https:\/\/eldiariodesanpedro.com.ar\/sitio\/wp-json\/wp\/v2\/media?parent=14202"}],"wp:term":[{"taxonomy":"category","embeddable":true,"href":"https:\/\/eldiariodesanpedro.com.ar\/sitio\/wp-json\/wp\/v2\/categories?post=14202"},{"taxonomy":"post_tag","embeddable":true,"href":"https:\/\/eldiariodesanpedro.com.ar\/sitio\/wp-json\/wp\/v2\/tags?post=14202"}],"curies":[{"name":"wp","href":"https:\/\/api.w.org\/{rel}","templated":true}]}}