{"id":14190,"date":"2017-02-06T20:46:52","date_gmt":"2017-02-06T23:46:52","guid":{"rendered":"https:\/\/eldiariodesanpedro.com.ar\/sitio\/?p=14190"},"modified":"2017-02-06T20:46:52","modified_gmt":"2017-02-06T23:46:52","slug":"procesan-a-parrilli-por-el-supuesto-encubrimiento-de-perez-corradi","status":"publish","type":"post","link":"https:\/\/eldiariodesanpedro.com.ar\/sitio\/procesan-a-parrilli-por-el-supuesto-encubrimiento-de-perez-corradi\/","title":{"rendered":"Procesan a Parrilli por el supuesto encubrimiento de P\u00e9rez Corradi"},"content":{"rendered":"<p><!-- VideographyWP Plugin Message: Automatic video embedding prevented by plugin options. --><br \/>\n(T\u00e9lam) &#8211; El magistrado consider\u00f3 que Parrilli obtuvo y ocult\u00f3 informaci\u00f3n sensible sobre el paradero de P\u00e9rez Corradi cuando estaba pr\u00f3fugo, por lo que colabor\u00f3 para que el permaneciera lejos del alcance de quienes lo estaban buscando.<\/p>\n<p>La causa se inici\u00f3 a partir de una denuncia de la legisladora porte\u00f1a Graciela Oca\u00f1a, quien sostuvo que la AFI sab\u00eda donde estaba el supuesto autor intelectual del Triple Crimen de General Rodr\u00edguez pero decidi\u00f3 no contribuir para su captura. <\/p>\n<p>El juez Lijo sostuvo que desde el 13 noviembre de 2015 la AFI cont\u00f3 con dos informes que daban informaci\u00f3n precisa sobre P\u00e9rez Corradi pero que por decisi\u00f3n de Parrilli no fueron remitidos a las dos fiscalias que interven\u00edan en causas en las que estaba implicado.<\/p>\n<p>\u201cLa prueba reunida demostr\u00f3 que la conducta de Parrilli tuvo la finalidad de que no se lograra ubicar a P\u00e9rez Corradi y, en consecuencia, entorpeci\u00f3 ambas investigaciones criminales y ayud\u00f3 al pr\u00f3fugo a continuar eludiendo el accionar de la justicia\u201d, sostuvo Lijo en su fallo de 57 p\u00e1ginas. <\/p>\n","protected":false},"excerpt":{"rendered":"<p>(T\u00e9lam) &#8211; El magistrado consider\u00f3 que Parrilli obtuvo y ocult\u00f3 informaci\u00f3n sensible sobre el paradero de P\u00e9rez Corradi cuando estaba pr\u00f3fugo, por lo que colabor\u00f3 para que el permaneciera lejos del alcance de quienes lo estaban buscando. La causa se inici\u00f3 a partir de una denuncia de la legisladora porte\u00f1a Graciela Oca\u00f1a, quien sostuvo que [&hellip;]<\/p>\n","protected":false},"author":4,"featured_media":14192,"comment_status":"open","ping_status":"closed","sticky":false,"template":"","format":"standard","meta":{"om_disable_all_campaigns":false,"_jetpack_memberships_contains_paid_content":false,"footnotes":""},"categories":[3],"tags":[],"class_list":["post-14190","post","type-post","status-publish","format-standard","has-post-thumbnail","hentry","category-nacionales"],"aioseo_notices":[],"gutentor_comment":0,"jetpack_featured_media_url":"https:\/\/eldiariodesanpedro.com.ar\/sitio\/wp-content\/uploads\/2017\/02\/parrilli.jpg","jetpack_shortlink":"https:\/\/wp.me\/p6RhLt-3GS","jetpack_sharing_enabled":true,"_links":{"self":[{"href":"https:\/\/eldiariodesanpedro.com.ar\/sitio\/wp-json\/wp\/v2\/posts\/14190","targetHints":{"allow":["GET"]}}],"collection":[{"href":"https:\/\/eldiariodesanpedro.com.ar\/sitio\/wp-json\/wp\/v2\/posts"}],"about":[{"href":"https:\/\/eldiariodesanpedro.com.ar\/sitio\/wp-json\/wp\/v2\/types\/post"}],"author":[{"embeddable":true,"href":"https:\/\/eldiariodesanpedro.com.ar\/sitio\/wp-json\/wp\/v2\/users\/4"}],"replies":[{"embeddable":true,"href":"https:\/\/eldiariodesanpedro.com.ar\/sitio\/wp-json\/wp\/v2\/comments?post=14190"}],"version-history":[{"count":1,"href":"https:\/\/eldiariodesanpedro.com.ar\/sitio\/wp-json\/wp\/v2\/posts\/14190\/revisions"}],"predecessor-version":[{"id":14193,"href":"https:\/\/eldiariodesanpedro.com.ar\/sitio\/wp-json\/wp\/v2\/posts\/14190\/revisions\/14193"}],"wp:featuredmedia":[{"embeddable":true,"href":"https:\/\/eldiariodesanpedro.com.ar\/sitio\/wp-json\/wp\/v2\/media\/14192"}],"wp:attachment":[{"href":"https:\/\/eldiariodesanpedro.com.ar\/sitio\/wp-json\/wp\/v2\/media?parent=14190"}],"wp:term":[{"taxonomy":"category","embeddable":true,"href":"https:\/\/eldiariodesanpedro.com.ar\/sitio\/wp-json\/wp\/v2\/categories?post=14190"},{"taxonomy":"post_tag","embeddable":true,"href":"https:\/\/eldiariodesanpedro.com.ar\/sitio\/wp-json\/wp\/v2\/tags?post=14190"}],"curies":[{"name":"wp","href":"https:\/\/api.w.org\/{rel}","templated":true}]}}