{"id":141849,"date":"2025-07-11T10:47:37","date_gmt":"2025-07-11T13:47:37","guid":{"rendered":"https:\/\/eldiariodesanpedro.com.ar\/sitio\/?p=141849"},"modified":"2025-07-11T10:47:43","modified_gmt":"2025-07-11T13:47:43","slug":"aprehendido-por-lesiones-graves-tras-violento-episodio-en-el-fonavi","status":"publish","type":"post","link":"https:\/\/eldiariodesanpedro.com.ar\/sitio\/aprehendido-por-lesiones-graves-tras-violento-episodio-en-el-fonavi\/","title":{"rendered":"Aprehendido por lesiones graves tras violento episodio en el Fonavi"},"content":{"rendered":"<!-- VideographyWP Plugin Message: Automatic video embedding prevented by plugin options. -->\n\n<p>En la <strong>madrugada de ayer<\/strong>, personal policial acudi\u00f3 al <strong>complejo Fonavi 1<\/strong>, ubicado en <strong>calle Bozzano al 300<\/strong>, tras un llamado al <strong>servicio de emergencias 911<\/strong>. En el lugar, los efectivos constataron la presencia de un <strong>hombre de 33 a\u00f1os<\/strong> con un <strong>fuerte golpe en la cabeza<\/strong> y <strong>p\u00e9rdida de sangre<\/strong>, por lo que fue <strong>trasladado de urgencia por una ambulancia del SAME<\/strong> al <strong>Hospital local<\/strong>.<\/p>\n\n\n\n<p>Seg\u00fan el <strong>testimonio de una mujer de 34 a\u00f1os<\/strong>, recogido posteriormente por la polic\u00eda, el herido habr\u00eda <strong>ca\u00eddo por la escalera tras un forcejeo<\/strong> con otro sujeto, <strong>su expareja<\/strong>, un <strong>hombre de 31 a\u00f1os<\/strong>.<\/p>\n\n\n\n<p>Como consecuencia de la denuncia y las pruebas reunidas, el agresor fue <strong>aprehendido<\/strong> y permanece <strong>detenido en la dependencia policial<\/strong>, <strong>imputado por el delito de <em>lesiones graves<\/em><\/strong>. La mujer fue <strong>contenida y asistida por personal especializado en la Comisar\u00eda de la Mujer y la Familia<\/strong>.<\/p>\n\n\n\n<p>El agredido contin\u00faa <strong>internado con traumatismos varios<\/strong> y se encuentra con <strong>pron\u00f3stico reservado<\/strong>.<\/p>\n\n\n\n<p><strong>#LesionesGraves #Violencia #Policiales #SanPedro #Comisar\u00edaDeLaMujer #Fonavi1 #Emergencias911 #HospitalSanPedro #ViolenciaDeG\u00e9nero #NoticiasPoliciales #ActualidadSanPedro #Inseguridad #FuerzasDeSeguridad #Aprehendido<\/strong><\/p>\n","protected":false},"excerpt":{"rendered":"<p>En la madrugada de ayer, personal policial acudi\u00f3 al complejo Fonavi 1, ubicado en calle Bozzano al 300, tras un llamado al servicio de emergencias 911. En el lugar, los efectivos constataron la presencia de un hombre de 33 a\u00f1os con un fuerte golpe en la cabeza y p\u00e9rdida de sangre, por lo que fue [&hellip;]<\/p>\n","protected":false},"author":4,"featured_media":141850,"comment_status":"closed","ping_status":"closed","sticky":false,"template":"","format":"standard","meta":{"om_disable_all_campaigns":false,"_jetpack_memberships_contains_paid_content":false,"footnotes":""},"categories":[2,103],"tags":[],"class_list":["post-141849","post","type-post","status-publish","format-standard","has-post-thumbnail","hentry","category-locales","category-policiales-locales"],"aioseo_notices":[],"gutentor_comment":0,"jetpack_featured_media_url":"https:\/\/eldiariodesanpedro.com.ar\/sitio\/wp-content\/uploads\/2025\/07\/medida-15.jpg","jetpack_shortlink":"https:\/\/wp.me\/p6RhLt-ATT","jetpack_sharing_enabled":true,"_links":{"self":[{"href":"https:\/\/eldiariodesanpedro.com.ar\/sitio\/wp-json\/wp\/v2\/posts\/141849","targetHints":{"allow":["GET"]}}],"collection":[{"href":"https:\/\/eldiariodesanpedro.com.ar\/sitio\/wp-json\/wp\/v2\/posts"}],"about":[{"href":"https:\/\/eldiariodesanpedro.com.ar\/sitio\/wp-json\/wp\/v2\/types\/post"}],"author":[{"embeddable":true,"href":"https:\/\/eldiariodesanpedro.com.ar\/sitio\/wp-json\/wp\/v2\/users\/4"}],"replies":[{"embeddable":true,"href":"https:\/\/eldiariodesanpedro.com.ar\/sitio\/wp-json\/wp\/v2\/comments?post=141849"}],"version-history":[{"count":1,"href":"https:\/\/eldiariodesanpedro.com.ar\/sitio\/wp-json\/wp\/v2\/posts\/141849\/revisions"}],"predecessor-version":[{"id":141851,"href":"https:\/\/eldiariodesanpedro.com.ar\/sitio\/wp-json\/wp\/v2\/posts\/141849\/revisions\/141851"}],"wp:featuredmedia":[{"embeddable":true,"href":"https:\/\/eldiariodesanpedro.com.ar\/sitio\/wp-json\/wp\/v2\/media\/141850"}],"wp:attachment":[{"href":"https:\/\/eldiariodesanpedro.com.ar\/sitio\/wp-json\/wp\/v2\/media?parent=141849"}],"wp:term":[{"taxonomy":"category","embeddable":true,"href":"https:\/\/eldiariodesanpedro.com.ar\/sitio\/wp-json\/wp\/v2\/categories?post=141849"},{"taxonomy":"post_tag","embeddable":true,"href":"https:\/\/eldiariodesanpedro.com.ar\/sitio\/wp-json\/wp\/v2\/tags?post=141849"}],"curies":[{"name":"wp","href":"https:\/\/api.w.org\/{rel}","templated":true}]}}