{"id":141847,"date":"2025-07-11T10:24:57","date_gmt":"2025-07-11T13:24:57","guid":{"rendered":"https:\/\/eldiariodesanpedro.com.ar\/sitio\/?p=141847"},"modified":"2026-01-24T00:47:35","modified_gmt":"2026-01-24T03:47:35","slug":"fallecio-ricardo-farre-a-los-91-anos","status":"publish","type":"post","link":"https:\/\/eldiariodesanpedro.com.ar\/sitio\/fallecio-ricardo-farre-a-los-91-anos\/","title":{"rendered":"Falleci\u00f3 Ricardo Farr\u00e9 a los 91 a\u00f1os"},"content":{"rendered":"<!-- VideographyWP Plugin Message: Automatic video embedding prevented by plugin options. -->\n\n<p>La comunidad de San Pedro despide con profundo pesar a <strong>Ricardo Farr\u00e9<\/strong>, quien <strong>falleci\u00f3 a los 91 a\u00f1os<\/strong>. Sus seres queridos, amigos y vecinos podr\u00e1n brindarle el \u00faltimo adi\u00f3s en la <strong>Sala Velatoria N\u00b0 4 de COOPSER Servicios Sociales<\/strong>, ubicada en <strong>3 de Febrero 1475<\/strong>.<\/p>\n\n\n\n<p>El <strong>servicio de velatorio<\/strong> se extender\u00e1 <strong>hasta las 15:00 horas del viernes 11 de julio de 2025<\/strong>, momento en que se dar\u00e1 por concluida la ceremonia de despedida.<\/p>\n\n\n\n<p>Desde este medio enviamos nuestras condolencias a sus familiares y seres queridos en este dif\u00edcil momento.<\/p>\n\n\n\n<p><strong>#RicardoFarr\u00e9 #Fallecimiento #ObituarioSanPedro #COOPSER #VelatorioSanPedro #SanPedroNoticias #Despedida #ServiciosSociales #Obituario2025 #SanPedroArgentina<\/strong><\/p>\n","protected":false},"excerpt":{"rendered":"<p>La comunidad de San Pedro despide con profundo pesar a Ricardo Farr\u00e9, quien falleci\u00f3 a los 91 a\u00f1os. Sus seres queridos, amigos y vecinos podr\u00e1n brindarle el \u00faltimo adi\u00f3s en la Sala Velatoria N\u00b0 4 de COOPSER Servicios Sociales, ubicada en 3 de Febrero 1475. El servicio de velatorio se extender\u00e1 hasta las 15:00 horas [&hellip;]<\/p>\n","protected":false},"author":4,"featured_media":113757,"comment_status":"closed","ping_status":"closed","sticky":false,"template":"","format":"standard","meta":{"om_disable_all_campaigns":false,"_jetpack_memberships_contains_paid_content":false,"footnotes":""},"categories":[8424],"tags":[5113,5114,5110,5112,5111],"class_list":["post-141847","post","type-post","status-publish","format-standard","has-post-thumbnail","hentry","category-necrologicas","tag-coopser-servicios-sociales","tag-despedida-ricardo-farre","tag-fallecio-ricardo-farre","tag-obituario-san-pedro","tag-velatorio-san-pedro"],"aioseo_notices":[],"gutentor_comment":0,"jetpack_featured_media_url":"https:\/\/eldiariodesanpedro.com.ar\/sitio\/wp-content\/uploads\/2023\/01\/necrologicas.jpg","jetpack_shortlink":"https:\/\/wp.me\/p6RhLt-ATR","jetpack_sharing_enabled":true,"_links":{"self":[{"href":"https:\/\/eldiariodesanpedro.com.ar\/sitio\/wp-json\/wp\/v2\/posts\/141847","targetHints":{"allow":["GET"]}}],"collection":[{"href":"https:\/\/eldiariodesanpedro.com.ar\/sitio\/wp-json\/wp\/v2\/posts"}],"about":[{"href":"https:\/\/eldiariodesanpedro.com.ar\/sitio\/wp-json\/wp\/v2\/types\/post"}],"author":[{"embeddable":true,"href":"https:\/\/eldiariodesanpedro.com.ar\/sitio\/wp-json\/wp\/v2\/users\/4"}],"replies":[{"embeddable":true,"href":"https:\/\/eldiariodesanpedro.com.ar\/sitio\/wp-json\/wp\/v2\/comments?post=141847"}],"version-history":[{"count":1,"href":"https:\/\/eldiariodesanpedro.com.ar\/sitio\/wp-json\/wp\/v2\/posts\/141847\/revisions"}],"predecessor-version":[{"id":141848,"href":"https:\/\/eldiariodesanpedro.com.ar\/sitio\/wp-json\/wp\/v2\/posts\/141847\/revisions\/141848"}],"wp:featuredmedia":[{"embeddable":true,"href":"https:\/\/eldiariodesanpedro.com.ar\/sitio\/wp-json\/wp\/v2\/media\/113757"}],"wp:attachment":[{"href":"https:\/\/eldiariodesanpedro.com.ar\/sitio\/wp-json\/wp\/v2\/media?parent=141847"}],"wp:term":[{"taxonomy":"category","embeddable":true,"href":"https:\/\/eldiariodesanpedro.com.ar\/sitio\/wp-json\/wp\/v2\/categories?post=141847"},{"taxonomy":"post_tag","embeddable":true,"href":"https:\/\/eldiariodesanpedro.com.ar\/sitio\/wp-json\/wp\/v2\/tags?post=141847"}],"curies":[{"name":"wp","href":"https:\/\/api.w.org\/{rel}","templated":true}]}}