{"id":14181,"date":"2017-02-06T20:23:21","date_gmt":"2017-02-06T23:23:21","guid":{"rendered":"https:\/\/eldiariodesanpedro.com.ar\/sitio\/?p=14181"},"modified":"2017-02-06T20:23:21","modified_gmt":"2017-02-06T23:23:21","slug":"el-dr-hugo-lima-tomo-la-defensa-de-fernandez-y-austin","status":"publish","type":"post","link":"https:\/\/eldiariodesanpedro.com.ar\/sitio\/el-dr-hugo-lima-tomo-la-defensa-de-fernandez-y-austin\/","title":{"rendered":"El Dr. Hugo Lima tomo la defensa de Fern\u00e1ndez y Austin"},"content":{"rendered":"<p><!-- VideographyWP Plugin Message: Automatic video embedding prevented by plugin options. --><br \/>\nEl abogado nicole\u00f1o particip\u00f3 de la indagatoria que se llev\u00f3 a cabo el viernes pasado a los dos sampedrinos imputados en la causa por narcotr\u00e1fico, acusados de ser parte de una banda que comercializaba estupefacientes en la zona y que tendr\u00eda como principal responsable a Juan Carlos \u201cEl Bomba\u201d Gallardo.<\/p>\n<p>Seg\u00fan trascendi\u00f3, el letrado pedir\u00e1 el rechazo de algunas de las pruebas presentadas por el Fiscal M\u00fagica D\u00edaz. A su entender entre Fern\u00e1ndez y Gallardo tan solo hubo un v\u00ednculo comercial por venta de maderas, que desarrolla el primero de ellos.  Inclusive asegur\u00f3 que el dinero secuestrado el viernes, en el local comercial, proviene de esa actividad.<\/p>\n<p>La acusaci\u00f3n a Fern\u00e1ndez y Austin, es un delito no excarcelable, por lo tanto el profesional que los asiste deber\u00e1 esperar la medidas que adopte el Juez Ricardo Pratti, si dicta o no la prisi\u00f3n preventiva.<\/p>\n","protected":false},"excerpt":{"rendered":"<p>El abogado nicole\u00f1o particip\u00f3 de la indagatoria que se llev\u00f3 a cabo el viernes pasado a los dos sampedrinos imputados en la causa por narcotr\u00e1fico, acusados de ser parte de una banda que comercializaba estupefacientes en la zona y que tendr\u00eda como principal responsable a Juan Carlos \u201cEl Bomba\u201d Gallardo. Seg\u00fan trascendi\u00f3, el letrado pedir\u00e1 [&hellip;]<\/p>\n","protected":false},"author":4,"featured_media":11040,"comment_status":"open","ping_status":"closed","sticky":false,"template":"","format":"standard","meta":{"om_disable_all_campaigns":false,"_jetpack_memberships_contains_paid_content":false,"footnotes":""},"categories":[2,103],"tags":[],"class_list":["post-14181","post","type-post","status-publish","format-standard","has-post-thumbnail","hentry","category-locales","category-policiales-locales"],"aioseo_notices":[],"gutentor_comment":0,"jetpack_featured_media_url":"https:\/\/eldiariodesanpedro.com.ar\/sitio\/wp-content\/uploads\/2016\/12\/lima.jpg","jetpack_shortlink":"https:\/\/wp.me\/p6RhLt-3GJ","jetpack_sharing_enabled":true,"_links":{"self":[{"href":"https:\/\/eldiariodesanpedro.com.ar\/sitio\/wp-json\/wp\/v2\/posts\/14181","targetHints":{"allow":["GET"]}}],"collection":[{"href":"https:\/\/eldiariodesanpedro.com.ar\/sitio\/wp-json\/wp\/v2\/posts"}],"about":[{"href":"https:\/\/eldiariodesanpedro.com.ar\/sitio\/wp-json\/wp\/v2\/types\/post"}],"author":[{"embeddable":true,"href":"https:\/\/eldiariodesanpedro.com.ar\/sitio\/wp-json\/wp\/v2\/users\/4"}],"replies":[{"embeddable":true,"href":"https:\/\/eldiariodesanpedro.com.ar\/sitio\/wp-json\/wp\/v2\/comments?post=14181"}],"version-history":[{"count":1,"href":"https:\/\/eldiariodesanpedro.com.ar\/sitio\/wp-json\/wp\/v2\/posts\/14181\/revisions"}],"predecessor-version":[{"id":14182,"href":"https:\/\/eldiariodesanpedro.com.ar\/sitio\/wp-json\/wp\/v2\/posts\/14181\/revisions\/14182"}],"wp:featuredmedia":[{"embeddable":true,"href":"https:\/\/eldiariodesanpedro.com.ar\/sitio\/wp-json\/wp\/v2\/media\/11040"}],"wp:attachment":[{"href":"https:\/\/eldiariodesanpedro.com.ar\/sitio\/wp-json\/wp\/v2\/media?parent=14181"}],"wp:term":[{"taxonomy":"category","embeddable":true,"href":"https:\/\/eldiariodesanpedro.com.ar\/sitio\/wp-json\/wp\/v2\/categories?post=14181"},{"taxonomy":"post_tag","embeddable":true,"href":"https:\/\/eldiariodesanpedro.com.ar\/sitio\/wp-json\/wp\/v2\/tags?post=14181"}],"curies":[{"name":"wp","href":"https:\/\/api.w.org\/{rel}","templated":true}]}}